{"id":1071,"date":"2017-05-08T00:00:00","date_gmt":"2017-05-08T00:00:00","guid":{"rendered":"https:\/\/amq-inc.com\/serie-innovation-leolienne-de-glencore-mine-raglan-a-la-conquete-du-nord-3\/"},"modified":"2017-05-08T00:00:00","modified_gmt":"2017-05-08T00:00:00","slug":"serie-innovation-leolienne-de-glencore-mine-raglan-a-la-conquete-du-nord-3","status":"publish","type":"post","link":"https:\/\/amq-inc.com\/en\/serie-innovation-leolienne-de-glencore-mine-raglan-a-la-conquete-du-nord-3\/","title":{"rendered":"S\u00e9rie INNOVATION &#8211; L&rsquo;\u00e9olienne de Glencore Mine Raglan \u00e0 la conqu\u00eate du Nord"},"content":{"rendered":"<p><img loading=\"lazy\" decoding=\"async\" class=\"aligncenter size-full wp-image-199\" src=\"http:\/\/staging.minesqc.o2web.biz\/app\/uploads\/AMQ_Raglan_BD-060-min-min.png\" alt=\"AMQ_Raglan_BD-060\" width=\"800\" height=\"533\" \/><\/p>\n<p class=\"source\">Glencore Mine Raglan<\/p>\n<p><em>Le 4 ao\u00fbt 2016, <a href=\"http:\/\/www.mineraglan.ca\/FR\/Pages\/default.aspx\" target=\"_blank\" rel=\"noopener noreferrer\">Mine Raglan<\/a>, une compagnie Glencore, achevait la construction de la premi\u00e8re et la plus grande \u00e9olienne du Grand Nord qu\u00e9b\u00e9cois. Pour la soci\u00e9t\u00e9 mini\u00e8re, les d\u00e9fis \u00e0 relever ont \u00e9t\u00e9 nombreux, \u00e0 commencer par celui impos\u00e9 par les conditions climatiques extr\u00eames.<\/em><\/p>\n<p><em>Maintenant qu\u2019elle est construite, cette \u00e9olienne pourrait bien donner le signal du d\u00e9veloppement de cette fili\u00e8re \u00e9nerg\u00e9tique pour des projets miniers en r\u00e9gion \u00e9loign\u00e9e, pour des communaut\u00e9s nordiques et pour le d\u00e9veloppement \u00e9conomique du Nord. Revue d\u2019un projet fascinant avec Jean-Fran\u00e7ois Verret, directeur Projets capitaux et Exploration.<\/em><\/p>\n<p>Mine Raglan est situ\u00e9e au Nunavik, \u00e0 la hauteur du 62e parall\u00e8le, et \u00e0 une distance de 1 545 kilom\u00e8tres de Rouyn-Noranda et de plus de 1 800 kilom\u00e8tres de Montr\u00e9al. Plus haut que cela, c\u2019est le cercle polaire!<\/p>\n<p><img loading=\"lazy\" decoding=\"async\" class=\"aligncenter size-full wp-image-201\" src=\"http:\/\/staging.minesqc.o2web.biz\/app\/uploads\/Carte.png\" alt=\"\" width=\"492\" height=\"394\" \/><\/p>\n<p class=\"source\">Source: Glencore Mine Raglan<\/p>\n<p>Dans cette r\u00e9gion, il n\u2019y a pas de lignes \u00e9lectriques. Comment faire alors pour produire l\u2019\u00e9nergie requise par les installations et les op\u00e9rations mini\u00e8res? Il faut faire venir du diesel, des millions de litres de diesel! Et c\u2019est ici que \u00e7a se complique : le transport ne peut se faire que par bateau et la p\u00e9riode navigable dure 9 mois. Arriv\u00e9 au port, il reste encore 100 kilom\u00e8tres \u00e0 parcourir, sur une route en gravier qui emprunte des ponts enjambant d\u2019innombrables cours d\u2019eau, pour enfin arriver \u00e0 la mine. Imaginez la cha\u00eene logistique pour le transport, mais aussi pour l\u2019entreposage de ce carburant! Sans compter la gestion des risques! Car il s\u2019agit de prot\u00e9ger cet environnement d\u2019une beaut\u00e9 et d\u2019une puret\u00e9 remarquables.<\/p>\n<p>\u00ab Vers les ann\u00e9es 2008-2009 \u00bb, raconte Jean-Fran\u00e7ois Verret, \u00ab une \u00e9quipe chez Mine Raglan s\u2019est mise \u00e0 examiner des solutions qui nous permettraient de nous lib\u00e9rer de notre d\u00e9pendance aux carburants fossiles. \u00bb \u00c0 la cl\u00e9 : r\u00e9duction des d\u00e9penses d\u2019exploitation et de l\u2019empreinte environnementale.<\/p>\n<p>L\u2019\u00e9olien s\u2019est rapidement impos\u00e9 comme une solution avantageuse.<\/p>\n<p>L&#8217;\u00e9olienne en chiffres<\/p>\n<ul>\n<li>Production de 3 m\u00e9gawatts d&#8217;\u00e9lectricit\u00e9, soit la quantit\u00e9 suffisante pour alimenter un peu plus de 5000 foyers.<\/li>\n<li>R\u00e9duction de 2,4 millions de litres de diesel par an ce qui repr\u00e9sente 5% de la consommation total de diesel de la mine.<\/li>\n<li>R\u00e9duction des \u00e9missions de GES de l&#8217;ordre de 7200 tonnes \u00e9quivalent CO2 par an, ce qui \u00e9quivaut \u00e0 retirer pr\u00e8s de 2400 v\u00e9hicules du r\u00e9seau routier.<\/li>\n<li>Co\u00fbt du projet : 22,6 millions de dollars, dont 6,5 millions du minist\u00e8re de l&#8217;\u00c9nergie et des Ressources naturelles du Qu\u00e9bec (MERN) et 7,8 millions du gouvernement du Canada.<\/li>\n<\/ul>\n<h3>D\u2019immenses d\u00e9fis \u00e0 relever<\/h3>\n<p>La plupart des \u00e9oliennes sont con\u00e7ues pour des climats temp\u00e9r\u00e9s. Le givre, les blizzards et le froid \u00e0 -40 degr\u00e9s Celsius ne font pas bon m\u00e9nage avec ces \u00e9oliennes. Heureusement, les perc\u00e9es technologiques des derni\u00e8res ann\u00e9es ont permis \u00e0 un fabricant en particulier, la soci\u00e9t\u00e9 allemande <strong>Enercon<\/strong>, de mettre au point une \u00e9olienne capable de fonctionner dans des conditions climatiques extr\u00eames.<\/p>\n<ul>\n<li>Leur \u00e9olienne utilise une turbine \u00e0 entra\u00eenement direct qui fonctionne sans bo\u00eete de vitesse, ce qui \u00e9limine les engrenages et les huiles qui g\u00e8lent par temps tr\u00e8s froid.<\/li>\n<li>Les pales poss\u00e8dent des r\u00e9glages individuels qui permettent d\u2019affronter des blizzards de plus de 120 km\/h.<\/li>\n<li>Enfin, leur \u00e9olienne est \u00e9quip\u00e9e d\u2019une chaufferette qui fait fondre la glace.<\/li>\n<\/ul>\n<p>Autre d\u00e9fi : celui de la construction. D\u2019ordinaire, les \u00e9oliennes reposent sur une base en b\u00e9ton pos\u00e9e au sol. Impossible dans cette r\u00e9gion! Le perg\u00e9lisol, soit la partie du sol en surface qui est gel\u00e9 en permanence, peut fondre sous l\u2019effet des variations de temp\u00e9rature. La base serait donc instable. Consid\u00e9rant que l\u2019\u00e9olienne p\u00e8se 600 tonnes, 1 200 si on inclut sa fondation\u2026<\/p>\n<p><img loading=\"lazy\" decoding=\"async\" class=\"aligncenter size-full wp-image-209\" src=\"http:\/\/staging.minesqc.o2web.biz\/app\/uploads\/Lifting-of-the-nacelle-for-installation_500px.jpg\" alt=\"\" width=\"500\" height=\"334\" \/><\/p>\n<p class=\"source\">Source: Tugliq<\/p>\n<p>Pour relever ces d\u00e9fis, une \u00e9quipe de projet compos\u00e9e de repr\u00e9sentants de Mine Raglan, Tugliq (firme sp\u00e9cialis\u00e9e en optimisation des co\u00fbts d\u2019\u00e9nergie) et Hatch (firme d\u2019ing\u00e9nierie), a \u00e9t\u00e9 mise en place.<\/p>\n<p>\u00ab Les ing\u00e9nieurs de Mine Raglan, Tugliq, Hatch et de la soci\u00e9t\u00e9 Enercon ont eu une id\u00e9e brillante \u00bb, souligne Jean-Fran\u00e7ois Verret. \u00ab Ils ont con\u00e7u une fondation faite de 12 pieux d\u2019un demi-m\u00e8tre de diam\u00e8tre, dispos\u00e9s en \u00e9ventail. Ces pieux traversent le perg\u00e9lisol et s\u2019appuient sur le roc, 16 m\u00e8tres plus bas. Donc, l\u2019\u00e9olienne ne touche pas le sol, une premi\u00e8re au Qu\u00e9bec. \u00bb<\/p>\n<p><img loading=\"lazy\" decoding=\"async\" class=\"aligncenter size-full wp-image-207\" src=\"http:\/\/staging.minesqc.o2web.biz\/app\/uploads\/Fondation.png\" alt=\"Fondation\" width=\"554\" height=\"312\" \/><\/p>\n<p class=\"source\">Source: Radio-Canada<\/p>\n<p><img loading=\"lazy\" decoding=\"async\" class=\"aligncenter size-full wp-image-205\" src=\"http:\/\/staging.minesqc.o2web.biz\/app\/uploads\/Lifting-of-the-3-blades-and-hub-onto-the-generator.jpg\" alt=\"Lifting-of-the-3-blades-and-hub-onto-the-generator\" width=\"500\" height=\"281\" \/><\/p>\n<p class=\"source\">Source: Tugliq<\/p>\n<p>D\u2019autres d\u00e9fis attendaient Mine Raglan. Il fallait construire l\u2019\u00e9olienne en 3 mois, seule p\u00e9riode o\u00f9 la temp\u00e9rature est suffisamment cl\u00e9mente. La coordination a \u00e9t\u00e9 complexe. Il a fallu faire transporter l\u2019\u00e9olienne et la grue en pi\u00e8ces d\u00e9tach\u00e9es et les faire livrer \u00ab juste \u00e0 temps \u00bb. \u00ab La construction s\u2019est termin\u00e9e quelques heures \u00e0 peine avant l\u2019arriv\u00e9e de l\u2019hiver \u00bb, se rappelle Jean-Fran\u00e7ois Verret qui ajoute que le travail d\u2019\u00e9quipe a r\u00e9ellement \u00e9t\u00e9 la cl\u00e9 du succ\u00e8s.<\/p>\n<p><img loading=\"lazy\" decoding=\"async\" class=\"aligncenter size-full wp-image-203\" src=\"http:\/\/staging.minesqc.o2web.biz\/app\/uploads\/Wind-turbines-blade-passing-through-the-spillway-bridge-at-Raglan-Mine-site_500px.jpg\" alt=\"Wind-turbines-blade-passing-through-the-spillway-bridge-at-Raglan-Mine-site\" width=\"500\" height=\"333\" \/><\/p>\n<p class=\"source\">Source: Tugliq<\/p>\n<h3>Mine Raglan fait office de pionni\u00e8re!<\/h3>\n<p>La v\u00e9ritable innovation r\u00e9side dans la d\u00e9cision d\u2019int\u00e9grer 3 technologies de stockage de l\u2019\u00e9nergie \u00e0 l\u2019\u00e9olienne:<\/p>\n<ul>\n<li>Un syst\u00e8me de volants d\u2019inertie qui permet le stockage de l\u2019\u00e9nergie;<\/li>\n<li>Une batterie au lithium-ion pour le d\u00e9marrage des g\u00e9n\u00e9ratrices au diesel ou des piles \u00e0 combustible;<\/li>\n<li>Un syst\u00e8me jumel\u00e9 \u00e0 des piles \u00e0 combustible hydrog\u00e8ne afin de r\u00e9duire au minimum la perte d\u2019\u00e9nergie \u00e9olienne lors de faible demande.<\/li>\n<\/ul>\n<p>\u00ab Une \u00e9olienne normale \u00bb, explique M. Verret, \u00ab n\u2019offre qu\u2019un rendement de 15 \u00e0 20 %. Lorsqu\u2019il vente peu, l\u2019\u00e9olienne ne produit pas ou tr\u00e8s peu d\u2019\u00e9lectricit\u00e9. En revanche, lorsqu\u2019il vente tr\u00e8s fort pendant plusieurs heures, elle produit beaucoup d\u2019\u00e9lectricit\u00e9, dont une partie est perdue en l\u2019absence de technologies de stockage, d\u2019o\u00f9 ce rendement de 15 \u00e0 20 %. \u00bb<\/p>\n<p>Gr\u00e2ce aux 3 technologies de stockage mises \u00e0 l\u2019essai, le rendement de l\u2019\u00e9olienne pourrait atteindre entre 35 et 55%, un gain appr\u00e9ciable.<\/p>\n<p>Ces technologies seront test\u00e9es pendant 5 ans. \u00ab Il y a encore des d\u00e9fis \u00e0 relever du c\u00f4t\u00e9 des syst\u00e8mes de stockage \u00bb, selon Jean-Fran\u00e7ois Verret. \u00ab L\u2019\u00e9olienne, elle, est un succ\u00e8s \u00bb, ajoute-t-il.<\/p>\n<p>Il y a tr\u00e8s peu de projets \u00e9oliens comparables en ce moment, ce qui explique que les co\u00fbts sont si \u00e9lev\u00e9s. \u00ab Les co\u00fbts sont un frein au d\u00e9veloppement de cette fili\u00e8re \u00bb, explique M. Verret. \u00ab Pour faire baisser les co\u00fbts, il faudra plusieurs autres projets, ce qui permettrait d\u2019atteindre une masse critique. La r\u00e9duction des co\u00fbts servira d\u2019\u00e9l\u00e9ment d\u00e9clencheur. On verra alors des projets de production d\u2019\u00e9nergie \u00e9olienne dans les plans d\u2019affaires des soci\u00e9t\u00e9s mini\u00e8res. \u00bb<\/p>\n<p>Voil\u00e0 pourquoi l\u2019exp\u00e9rience men\u00e9e par Mine Raglan suscite tant d\u2019int\u00e9r\u00eat dans l\u2019industrie mini\u00e8re, mais aussi dans les communaut\u00e9s nordiques. \u00ab Les gouvernements, qui souhaitent stimuler le d\u00e9veloppement des r\u00e9gions nordiques, l\u2019ont bien remarqu\u00e9 \u00bb, selon M. Verret. Il ajoute : \u00ab ils se doivent de donner l\u2019impulsion aux projets par des incitatifs financiers. Les retomb\u00e9es seront nombreuses :<\/p>\n<ul>\n<li>R\u00e9duction des \u00e9missions de gaz \u00e0 effet de serre<\/li>\n<li>R\u00e9duction de notre d\u00e9pendance aux \u00e9nergies fossiles<\/li>\n<li>D\u00e9veloppement \u00e9conomique de toute une r\u00e9gion avec ses incidences sur les investissements, la cr\u00e9ation de nouvelles entreprises et la cr\u00e9ation d\u2019emplois<\/li>\n<li>Am\u00e9lioration des conditions de vies des populations nordiques. \u00bb<\/li>\n<\/ul>\n<p>\u00ab Tout le Qu\u00e9bec en ressortira gagnant \u00bb, conclut Jean-Fran\u00e7ois Verret!<\/p>\n","protected":false},"excerpt":{"rendered":"<p>Glencore Mine Raglan Le 4 ao\u00fbt 2016, Mine Raglan, une compagnie Glencore, achevait la construction de la premi\u00e8re et la [&hellip;]<\/p>\n","protected":false},"author":1,"featured_media":0,"comment_status":"closed","ping_status":"closed","sticky":false,"template":"","format":"standard","meta":{"_acf_changed":false,"footnotes":""},"categories":[45,13],"tags":[],"class_list":["post-1071","post","type-post","status-publish","format-standard","hentry","category-environment","category-environnement"],"acf":[],"yoast_head":"<!-- This site is optimized with the Yoast SEO plugin v27.5 - https:\/\/yoast.com\/product\/yoast-seo-wordpress\/ -->\n<title>S\u00e9rie INNOVATION &#8211; L&rsquo;\u00e9olienne de Glencore Mine Raglan \u00e0 la conqu\u00eate du Nord - Association Mini\u00e8re du Qu\u00e9bec<\/title>\n<meta name=\"robots\" content=\"index, follow, max-snippet:-1, max-image-preview:large, max-video-preview:-1\" \/>\n<link rel=\"canonical\" href=\"https:\/\/amq-inc.com\/en\/serie-innovation-leolienne-de-glencore-mine-raglan-a-la-conquete-du-nord-3\/\" \/>\n<meta property=\"og:locale\" content=\"en_US\" \/>\n<meta property=\"og:type\" content=\"article\" \/>\n<meta property=\"og:title\" content=\"S\u00e9rie INNOVATION &#8211; L&rsquo;\u00e9olienne de Glencore Mine Raglan \u00e0 la conqu\u00eate du Nord - Association Mini\u00e8re du Qu\u00e9bec\" \/>\n<meta property=\"og:description\" content=\"Glencore Mine Raglan Le 4 ao\u00fbt 2016, Mine Raglan, une compagnie Glencore, achevait la construction de la premi\u00e8re et la [&hellip;]\" \/>\n<meta property=\"og:url\" content=\"https:\/\/amq-inc.com\/en\/serie-innovation-leolienne-de-glencore-mine-raglan-a-la-conquete-du-nord-3\/\" \/>\n<meta property=\"og:site_name\" content=\"Association Mini\u00e8re du Qu\u00e9bec\" \/>\n<meta property=\"article:published_time\" content=\"2017-05-08T00:00:00+00:00\" \/>\n<meta property=\"og:image\" content=\"http:\/\/staging.minesqc.o2web.biz\/app\/uploads\/AMQ_Raglan_BD-060-min-min.png\" \/>\n<meta name=\"author\" content=\"admin\" \/>\n<meta name=\"twitter:card\" content=\"summary_large_image\" \/>\n<meta name=\"twitter:label1\" content=\"Written by\" \/>\n\t<meta name=\"twitter:data1\" content=\"admin\" \/>\n\t<meta name=\"twitter:label2\" content=\"Est. reading time\" \/>\n\t<meta name=\"twitter:data2\" content=\"6 minutes\" \/>\n<!-- \/ Yoast SEO plugin. -->","yoast_head_json":{"title":"S\u00e9rie INNOVATION &#8211; L&rsquo;\u00e9olienne de Glencore Mine Raglan \u00e0 la conqu\u00eate du Nord - Association Mini\u00e8re du Qu\u00e9bec","robots":{"index":"index","follow":"follow","max-snippet":"max-snippet:-1","max-image-preview":"max-image-preview:large","max-video-preview":"max-video-preview:-1"},"canonical":"https:\/\/amq-inc.com\/en\/serie-innovation-leolienne-de-glencore-mine-raglan-a-la-conquete-du-nord-3\/","og_locale":"en_US","og_type":"article","og_title":"S\u00e9rie INNOVATION &#8211; L&rsquo;\u00e9olienne de Glencore Mine Raglan \u00e0 la conqu\u00eate du Nord - Association Mini\u00e8re du Qu\u00e9bec","og_description":"Glencore Mine Raglan Le 4 ao\u00fbt 2016, Mine Raglan, une compagnie Glencore, achevait la construction de la premi\u00e8re et la [&hellip;]","og_url":"https:\/\/amq-inc.com\/en\/serie-innovation-leolienne-de-glencore-mine-raglan-a-la-conquete-du-nord-3\/","og_site_name":"Association Mini\u00e8re du Qu\u00e9bec","article_published_time":"2017-05-08T00:00:00+00:00","og_image":[{"url":"http:\/\/staging.minesqc.o2web.biz\/app\/uploads\/AMQ_Raglan_BD-060-min-min.png","type":"","width":"","height":""}],"author":"admin","twitter_card":"summary_large_image","twitter_misc":{"Written by":"admin","Est. reading time":"6 minutes"},"schema":{"@context":"https:\/\/schema.org","@graph":[{"@type":"Article","@id":"https:\/\/amq-inc.com\/en\/serie-innovation-leolienne-de-glencore-mine-raglan-a-la-conquete-du-nord-3\/#article","isPartOf":{"@id":"https:\/\/amq-inc.com\/en\/serie-innovation-leolienne-de-glencore-mine-raglan-a-la-conquete-du-nord-3\/"},"author":{"name":"admin","@id":"https:\/\/amq-inc.com\/en\/#\/schema\/person\/9a9d88fe7031eddfc63c3f42e577dcfc"},"headline":"S\u00e9rie INNOVATION &#8211; L&rsquo;\u00e9olienne de Glencore Mine Raglan \u00e0 la conqu\u00eate du Nord","datePublished":"2017-05-08T00:00:00+00:00","mainEntityOfPage":{"@id":"https:\/\/amq-inc.com\/en\/serie-innovation-leolienne-de-glencore-mine-raglan-a-la-conquete-du-nord-3\/"},"wordCount":1302,"publisher":{"@id":"https:\/\/amq-inc.com\/en\/#organization"},"image":{"@id":"https:\/\/amq-inc.com\/en\/serie-innovation-leolienne-de-glencore-mine-raglan-a-la-conquete-du-nord-3\/#primaryimage"},"thumbnailUrl":"http:\/\/staging.minesqc.o2web.biz\/app\/uploads\/AMQ_Raglan_BD-060-min-min.png","articleSection":["Environment","Environnement"],"inLanguage":"en-US"},{"@type":"WebPage","@id":"https:\/\/amq-inc.com\/en\/serie-innovation-leolienne-de-glencore-mine-raglan-a-la-conquete-du-nord-3\/","url":"https:\/\/amq-inc.com\/en\/serie-innovation-leolienne-de-glencore-mine-raglan-a-la-conquete-du-nord-3\/","name":"S\u00e9rie INNOVATION &#8211; L&rsquo;\u00e9olienne de Glencore Mine Raglan \u00e0 la conqu\u00eate du Nord - Association Mini\u00e8re du Qu\u00e9bec","isPartOf":{"@id":"https:\/\/amq-inc.com\/en\/#website"},"primaryImageOfPage":{"@id":"https:\/\/amq-inc.com\/en\/serie-innovation-leolienne-de-glencore-mine-raglan-a-la-conquete-du-nord-3\/#primaryimage"},"image":{"@id":"https:\/\/amq-inc.com\/en\/serie-innovation-leolienne-de-glencore-mine-raglan-a-la-conquete-du-nord-3\/#primaryimage"},"thumbnailUrl":"http:\/\/staging.minesqc.o2web.biz\/app\/uploads\/AMQ_Raglan_BD-060-min-min.png","datePublished":"2017-05-08T00:00:00+00:00","breadcrumb":{"@id":"https:\/\/amq-inc.com\/en\/serie-innovation-leolienne-de-glencore-mine-raglan-a-la-conquete-du-nord-3\/#breadcrumb"},"inLanguage":"en-US","potentialAction":[{"@type":"ReadAction","target":["https:\/\/amq-inc.com\/en\/serie-innovation-leolienne-de-glencore-mine-raglan-a-la-conquete-du-nord-3\/"]}]},{"@type":"ImageObject","inLanguage":"en-US","@id":"https:\/\/amq-inc.com\/en\/serie-innovation-leolienne-de-glencore-mine-raglan-a-la-conquete-du-nord-3\/#primaryimage","url":"http:\/\/staging.minesqc.o2web.biz\/app\/uploads\/AMQ_Raglan_BD-060-min-min.png","contentUrl":"http:\/\/staging.minesqc.o2web.biz\/app\/uploads\/AMQ_Raglan_BD-060-min-min.png"},{"@type":"BreadcrumbList","@id":"https:\/\/amq-inc.com\/en\/serie-innovation-leolienne-de-glencore-mine-raglan-a-la-conquete-du-nord-3\/#breadcrumb","itemListElement":[{"@type":"ListItem","position":1,"name":"Accueil","item":"https:\/\/amq-inc.com\/en\/"},{"@type":"ListItem","position":2,"name":"S\u00e9rie INNOVATION &#8211; L&rsquo;\u00e9olienne de Glencore Mine Raglan \u00e0 la conqu\u00eate du Nord"}]},{"@type":"WebSite","@id":"https:\/\/amq-inc.com\/en\/#website","url":"https:\/\/amq-inc.com\/en\/","name":"Association Mini\u00e8re du Qu\u00e9bec","description":"","publisher":{"@id":"https:\/\/amq-inc.com\/en\/#organization"},"potentialAction":[{"@type":"SearchAction","target":{"@type":"EntryPoint","urlTemplate":"https:\/\/amq-inc.com\/en\/?s={search_term_string}"},"query-input":{"@type":"PropertyValueSpecification","valueRequired":true,"valueName":"search_term_string"}}],"inLanguage":"en-US"},{"@type":"Organization","@id":"https:\/\/amq-inc.com\/en\/#organization","name":"Association Mini\u00e8re du Qu\u00e9bec","url":"https:\/\/amq-inc.com\/en\/","logo":{"@type":"ImageObject","inLanguage":"en-US","@id":"https:\/\/amq-inc.com\/en\/#\/schema\/logo\/image\/","url":"https:\/\/amq-inc.com\/wp-content\/uploads\/2022\/05\/amq-logo.png","contentUrl":"https:\/\/amq-inc.com\/wp-content\/uploads\/2022\/05\/amq-logo.png","width":1200,"height":529,"caption":"Association Mini\u00e8re du Qu\u00e9bec"},"image":{"@id":"https:\/\/amq-inc.com\/en\/#\/schema\/logo\/image\/"}},{"@type":"Person","@id":"https:\/\/amq-inc.com\/en\/#\/schema\/person\/9a9d88fe7031eddfc63c3f42e577dcfc","name":"admin","image":{"@type":"ImageObject","inLanguage":"en-US","@id":"https:\/\/secure.gravatar.com\/avatar\/d6da88644598e9e30b2b40c672e8d90d461be65b568e8cf4b89ec7c597020e56?s=96&d=mm&r=g","url":"https:\/\/secure.gravatar.com\/avatar\/d6da88644598e9e30b2b40c672e8d90d461be65b568e8cf4b89ec7c597020e56?s=96&d=mm&r=g","contentUrl":"https:\/\/secure.gravatar.com\/avatar\/d6da88644598e9e30b2b40c672e8d90d461be65b568e8cf4b89ec7c597020e56?s=96&d=mm&r=g","caption":"admin"},"sameAs":["https:\/\/amq-inc.com"],"url":"https:\/\/amq-inc.com\/en\/author\/web_d1bfhpzl\/"}]}},"_links":{"self":[{"href":"https:\/\/amq-inc.com\/en\/wp-json\/wp\/v2\/posts\/1071","targetHints":{"allow":["GET"]}}],"collection":[{"href":"https:\/\/amq-inc.com\/en\/wp-json\/wp\/v2\/posts"}],"about":[{"href":"https:\/\/amq-inc.com\/en\/wp-json\/wp\/v2\/types\/post"}],"author":[{"embeddable":true,"href":"https:\/\/amq-inc.com\/en\/wp-json\/wp\/v2\/users\/1"}],"replies":[{"embeddable":true,"href":"https:\/\/amq-inc.com\/en\/wp-json\/wp\/v2\/comments?post=1071"}],"version-history":[{"count":0,"href":"https:\/\/amq-inc.com\/en\/wp-json\/wp\/v2\/posts\/1071\/revisions"}],"wp:attachment":[{"href":"https:\/\/amq-inc.com\/en\/wp-json\/wp\/v2\/media?parent=1071"}],"wp:term":[{"taxonomy":"category","embeddable":true,"href":"https:\/\/amq-inc.com\/en\/wp-json\/wp\/v2\/categories?post=1071"},{"taxonomy":"post_tag","embeddable":true,"href":"https:\/\/amq-inc.com\/en\/wp-json\/wp\/v2\/tags?post=1071"}],"curies":[{"name":"wp","href":"https:\/\/api.w.org\/{rel}","templated":true}]}}