{"id":3069,"date":"2022-12-21T16:50:00","date_gmt":"2022-12-21T16:50:00","guid":{"rendered":"https:\/\/amq-inc.com\/bilan-de-lannee-2022-lindustrie-miniere-quebecoise-en-constante-evolution\/"},"modified":"2023-04-17T12:46:46","modified_gmt":"2023-04-17T12:46:46","slug":"bilan-de-lannee-2022-lindustrie-miniere-quebecoise-en-constante-evolution","status":"publish","type":"post","link":"https:\/\/amq-inc.com\/en\/bilan-de-lannee-2022-lindustrie-miniere-quebecoise-en-constante-evolution\/","title":{"rendered":"Bilan de l&#8217;ann\u00e9e 2022 : l\u2019industrie mini\u00e8re qu\u00e9b\u00e9coise en constante \u00e9volution"},"content":{"rendered":"\n<p><strong>Qu\u00e9bec, le 21 d\u00e9cembre 2022 \u2013&nbsp;<\/strong>Le contexte socio\u00e9conomique qui a pr\u00e9valu au cours de l\u2019ann\u00e9e 2022 aura certainement influenc\u00e9 tous les secteurs \u00e9conomiques, et ce, \u00e0 l\u2019\u00e9chelle plan\u00e9taire. La guerre en Ukraine aura caus\u00e9 une certaine volatilit\u00e9 dans les march\u00e9s cr\u00e9ant des fluctuations jamais vues sur les prix des mati\u00e8res premi\u00e8res, notamment les m\u00e9taux et min\u00e9raux. \u00c0 cela s\u2019ajoute un contexte inflationniste qui a impact\u00e9 les co\u00fbts de la main-d&#8217;\u0153uvre, de l&#8217;\u00e9nergie et de l&#8217;\u00e9quipement des soci\u00e9t\u00e9s mini\u00e8res.<\/p>\n\n\n\n<p>Malgr\u00e9 ces soubresauts socio\u00e9conomiques, l\u2019Association mini\u00e8re du Qu\u00e9bec (AMQ, Association) dresse un bilan positif de cette derni\u00e8re ann\u00e9e, et ce, \u00e0 plusieurs niveaux.<\/p>\n\n\n\n<h2 class=\"wp-block-heading\">Des avanc\u00e9es pour la d\u00e9carbonation<\/h2>\n\n\n\n<p>Les enjeux environnementaux sont au c\u0153ur des op\u00e9rations des entreprises qui font l\u2019extraction des min\u00e9raux essentiels \u00e0 la fabrication d\u2019une multitude d\u2019objets qui nous entoure et qui joueront un r\u00f4le primordial dans la transition \u00e9nerg\u00e9tique mondiale. La volont\u00e9 de r\u00e9duire son empreinte environnementale est bien pr\u00e9sente au sein de l\u2019industrie mini\u00e8re, dont la r\u00e9duction des gaz \u00e0 effet de serre. Plusieurs investissements majeurs et projets innovants ont \u00e9t\u00e9 r\u00e9alis\u00e9s en 2022. Citons la collaboration annonc\u00e9e en octobre dernier entre le gouvernement du Canada et Rio Tinto Fer et Titane pour d\u00e9carboner les op\u00e9rations des installations de Sorel-Tracy avec un investissement de 737 millions de dollars pour les huit prochaines ann\u00e9es.<\/p>\n\n\n\n<p>En termes d\u2019innovation, plusieurs initiatives ont vu le jour dans l\u2019industrie, notamment chez ArcelorMittal Exploitation mini\u00e8re Canada, qui s\u2019est fix\u00e9 comme objectif de r\u00e9duire ses \u00e9missions de gaz \u00e0 effet de serre de 25 % d\u2019ici 2030 et d\u2019atteindre la carboneutralit\u00e9 d\u2019ici 2050. Pour se faire, l\u2019entreprise a d\u00e9but\u00e9 le remplacement du mazout utilis\u00e9 de leurs installations par de l&#8217;huile pyrolytique renouvelable produit \u00e0 partir de sous-produits du bois. Cette initiative leur a d\u2019ailleurs permis de remporter, conjointement avec Bio\u00e9nergie AE C\u00f4te-Nord Canada, le prix Eur\u00eaka! d&#8217;un Qu\u00e9bec vert et prosp\u00e8re, d&#8217;\u00c9cotech Qu\u00e9bec, dans la cat\u00e9gorie Ressources naturelles.<\/p>\n\n\n\n<p>D\u2019autres entreprises se tournent vers l\u2019\u00e9lectrification comme Mines Agnico Eagle Lt\u00e9e, en Abitibi-T\u00e9miscamingue, qui teste des chargeuses-navettes enti\u00e8rement \u00e9lectriques. Nous pourrions citer d\u2019autres exemples concrets qui d\u00e9montrent le caract\u00e8re cr\u00e9atif et visionnaire de l\u2019industrie mini\u00e8re qu\u00e9b\u00e9coise o\u00f9 l\u2019innovation se met au service de la protection de l\u2019environnement.<\/p>\n\n\n\n<h2 class=\"wp-block-heading\">Les min\u00e9raux critiques au c\u0153ur de la transition \u00e9nerg\u00e9tique<\/h2>\n\n\n\n<p>Les min\u00e9raux critiques et strat\u00e9giques ont occup\u00e9 une part importante de l\u2019actualit\u00e9 de cette derni\u00e8re ann\u00e9e.<br>Chose certaine, les gouvernements ont d\u00e9montr\u00e9 leur volont\u00e9 pour d\u00e9velopper ce cr\u00e9neau en mettant en place des orientations et des mesures favorables afin de se tailler une place de choix sur l\u2019\u00e9chiquier mondial en tant que pays producteur de min\u00e9raux critiques. Pr\u00e9curseur, le gouvernement du Qu\u00e9bec avait adopt\u00e9 en 2020 son Plan de valorisation des min\u00e9raux critiques et strat\u00e9giques. En 2022, c\u2019est au tour du gouvernement f\u00e9d\u00e9ral de d\u00e9voiler sa Strat\u00e9gie canadienne sur les min\u00e9raux critiques. Il est clair que le secteur minier jouera un r\u00f4le de premier plan dans la transition \u00e9nerg\u00e9tique et le d\u00e9ploiement de la fili\u00e8re de la batterie au Qu\u00e9bec, tout en \u00e9tant une source d\u2019enrichissement pour le Canada et le Qu\u00e9bec.<\/p>\n\n\n\n<h2 class=\"wp-block-heading\">Des signaux \u00e9conomiques encourageants<\/h2>\n\n\n\n<p>L\u2019enrichissement collectif ne passe pas seulement par le d\u00e9veloppement de projets li\u00e9s aux min\u00e9raux critiques, mais par l\u2019ensemble des activit\u00e9s mini\u00e8res au Qu\u00e9bec. Les chiffres parlent d\u2019eux-m\u00eames. Selon les informations rendues publiques par le minist\u00e8re des Ressources naturelles et des For\u00eats plus t\u00f4t cette ann\u00e9e, les droits miniers vers\u00e9s au gouvernement du Qu\u00e9bec n\u2019ont cess\u00e9 de progresser pour atteindre 631,7 millions de dollars en 2020, un sommet in\u00e9gal\u00e9 \u00e0 ce jour, et 90 % de ce montant provient de l\u2019exploitation des mines d\u2019or et de fer.<\/p>\n\n\n\n<p>En mati\u00e8re de retomb\u00e9es \u00e9conomiques pour le Qu\u00e9bec, l\u2019\u00e9tude rendue publique par l\u2019AMQ en novembre dernier, confirme l\u2019importance de l\u2019apport de l\u2019industrie mini\u00e8re \u00e0 l\u2019\u00e9conomie qu\u00e9b\u00e9coise. La contribution de l\u2019industrie au coffre de l\u2019\u00c9tat via des revenus fiscaux et parafiscaux a atteint 1,8 G$. La contribution de l\u2019industrie au PIB du Qu\u00e9bec a atteint 10,5 G$ et l\u2019industrie a soutenu 48 187 emplois directs, indirects ou induits.<\/p>\n\n\n\n<p>Pour b\u00e9n\u00e9ficier de retomb\u00e9es, il faut des projets et des investisseurs. Dans son dernier rapport, l\u2019Institut de la statistique du Qu\u00e9bec a d\u00e9nombr\u00e9 3,93 milliards de dollars en investissements miniers en 2021 marquant une am\u00e9lioration de 39,3 % par rapport \u00e0 l\u2019ann\u00e9e pr\u00e9c\u00e9dente.<\/p>\n\n\n\n<h2 class=\"wp-block-heading\">Des communications pour alimenter les r\u00e9flexions<\/h2>\n\n\n\n<p>En d\u00e9but d\u2019ann\u00e9e, l\u2019AMQ a diffus\u00e9 une campagne publicitaire unique et audacieuse, intitul\u00e9e \u00ab Des r\u00e9flexions en profondeur \u00bb, visant \u00e0 r\u00e9fl\u00e9chir sur le monde qui nous entoure et ses d\u00e9fis. Trois personnalit\u00e9s, Guillaume Dulude, Myl\u00e8ne Paquette et Normand Mousseau ont accept\u00e9 de livrer leurs r\u00e9flexions profondes quant \u00e0 l\u2019avenir de notre plan\u00e8te. Ils se sont questionn\u00e9s sur les comportements humains, notre rapport \u00e0 la Terre, la transition \u00e9nerg\u00e9tique, etc. Chacune de leur r\u00e9flexion, personnelle et ressentie, fait \u00e9cho aux enjeux de l\u2019industrie mini\u00e8re.<\/p>\n\n\n\n<h2 class=\"wp-block-heading\">Un avenir minier prometteur<\/h2>\n\n\n\n<p>Outre les nombreux projets miniers de min\u00e9raux critiques et strat\u00e9giques tels que ceux de Nouveau Monde Graphite, Nemaska Lithium et Sayona Qu\u00e9bec (lithium), l\u2019AMQ continuera de suivre l\u2019\u00e9volution des projets miniers plus avanc\u00e9s comme celui de la mine Odyssey du Partenariat Canadian Malartic, qui a effectu\u00e9 sa premi\u00e8re coul\u00e9e d\u2019or cette ann\u00e9e et celui du Complexe minier Kiena &#8211; Wesdome, qui a d\u00e9but\u00e9 depuis d\u00e9cembre sa production commerciale d\u2019or.<\/p>\n\n\n\n<p>Le fer de haute puret\u00e9, que l\u2019on retrouve principalement dans la Fosse du Labrador, a un bel avenir \u00e9galement, car gr\u00e2ce \u00e0 ses propri\u00e9t\u00e9s uniques, il contribue \u00e0 la d\u00e9carbonation de l\u2019acier.<br>\u00c0 cet \u00e9gard, l\u2019Association souhaite que ce minerai de fer de haute puret\u00e9 soit inclus dans la liste des min\u00e9raux critiques et strat\u00e9giques et s\u2019inscrive dans les chaines de valeurs prioritaires des gouvernements.<\/p>\n\n\n\n<h2 class=\"wp-block-heading\">Une industrie en constante am\u00e9lioration<\/h2>\n\n\n\n<p>L\u2019industrie mini\u00e8re \u00e9volue et travaille constamment \u00e0 am\u00e9liorer ses pratiques environnementales et sociales. De tr\u00e8s belles initiatives ont \u00e9t\u00e9 mises en place au cours des derni\u00e8res ann\u00e9es afin de contribuer aux efforts collectifs d\u2019am\u00e9lioration du bilan environnemental, notamment pour r\u00e9duire les \u00e9missions de gaz \u00e0 effet de serre, de pr\u00e9server la biodiversit\u00e9, de r\u00e9g\u00e9n\u00e9rer des eaux us\u00e9es, de restaurer d\u2019anciens parcs \u00e0 r\u00e9sidus ou d\u2019anciens sites miniers, etc. L\u2019industrie ne m\u00e9nage pas les efforts pour favoriser une communication transparente et efficace avec les communaut\u00e9s d&#8217;int\u00e9r\u00eats et \u00e0 faire en sorte que les principaux risques associ\u00e9s \u00e0 l\u2019exploitation mini\u00e8re soient g\u00e9r\u00e9s de fa\u00e7on responsable afin de prot\u00e9ger ses travailleurs, la population et l\u2019environnement.<\/p>\n\n\n\n<p>C\u2019est dans ce m\u00eame \u00e9tat d\u2019esprit que l\u2019AMQ souhaite aborder l\u2019enjeu des territoires incompatibles avec l\u2019activit\u00e9 mini\u00e8re (TIAM). Nous sommes d\u2019avis que les mesures et les outils qui existent gagneraient \u00e0 \u00eatre mieux connus par l\u2019ensemble des intervenants. L\u2019Association est ouverte au dialogue avec le monde municipal afin de trouver des pistes de solution pour une meilleure cohabitation entre l\u2019exploitation mini\u00e8re et les r\u00e9gions qui les accueillent.<\/p>\n\n\n\n<div style=\"height:100px\" aria-hidden=\"true\" class=\"wp-block-spacer\"><\/div>\n\n\n\n<blockquote class=\"wp-block-quote is-layout-flow wp-block-quote-is-layout-flow\">\n<p><strong>\u00ab L\u2019AMQ voit l\u2019avenir de l\u2019industrie mini\u00e8re avec beaucoup d\u2019optimisme. Le Qu\u00e9bec a tout pour devenir un producteur mondial de premier plan gr\u00e2ce aux bonnes pratiques environnementales et sociales des soci\u00e9t\u00e9s mini\u00e8res et au cadre l\u00e9gislatif et r\u00e9glementaire rigoureux qui font de nos projets miniers parmi les plus verts et les plus respectueux au monde.<\/strong><\/p>\n\n\n\n<p><strong>La voie est pav\u00e9e pour que notre industrie puisse contribuer significativement, non seulement \u00e0 la transition \u00e9nerg\u00e9tique, mais \u00e9galement \u00e0 l\u2019am\u00e9lioration de notre empreinte environnementale. Les soci\u00e9t\u00e9s mini\u00e8res qu\u00e9b\u00e9coises sont d\u00e9j\u00e0 dans la course aux id\u00e9es innovantes pour \u00e9lever la barre en mati\u00e8re d\u2019efficacit\u00e9 \u00e9nerg\u00e9tique, de protection de la biodiversit\u00e9 et de r\u00e9duction des GES. \u00bb<\/strong><\/p>\n<cite>Jos\u00e9e M\u00e9thot, Pr\u00e9sidente-directrice g\u00e9n\u00e9rale de l\u2019AMQ<\/cite><\/blockquote>\n\n\n\n<div style=\"height:100px\" aria-hidden=\"true\" class=\"wp-block-spacer\"><\/div>\n\n\n\n<h2 class=\"wp-block-heading\">\u00c0 propos de l\u2019Association mini\u00e8re du Qu\u00e9bec<\/h2>\n\n\n\n<p>Fond\u00e9e en 1936, l\u2019Association mini\u00e8re du Qu\u00e9bec (AMQ) agit \u00e0 titre de porte-parole proactif des entreprises mini\u00e8res en production, en exploration et en transformation, des entrepreneurs miniers, des entreprises mini\u00e8res en d\u00e9veloppement, de m\u00eame que des fournisseurs, d\u2019institutions, d\u2019organismes sans but lucratif et de divers partenaires du secteur minier. Fi\u00e8re des 48 187 emplois et des activit\u00e9s totalisant 11,7 milliards de dollars que l\u2019industrie mini\u00e8re a g\u00e9n\u00e9r\u00e9s au Qu\u00e9bec au cours de l\u2019ann\u00e9e 2020, l\u2019AMQ a pour mission de promouvoir, soutenir et d\u00e9velopper une industrie min\u00e9rale qu\u00e9b\u00e9coise engag\u00e9e, responsable et innovante.<\/p>\n","protected":false},"excerpt":{"rendered":"<p>Qu\u00e9bec, le 21 d\u00e9cembre 2022 \u2013&nbsp;Le contexte socio\u00e9conomique qui a pr\u00e9valu au cours de l\u2019ann\u00e9e 2022 aura certainement influenc\u00e9 tous [&hellip;]<\/p>\n","protected":false},"author":1,"featured_media":0,"comment_status":"closed","ping_status":"closed","sticky":false,"template":"","format":"standard","meta":{"_acf_changed":false,"footnotes":""},"categories":[112],"tags":[],"class_list":["post-3069","post","type-post","status-publish","format-standard","hentry","category-communiques-de-presse-en"],"acf":[],"yoast_head":"<!-- This site is optimized with the Yoast SEO plugin v27.5 - https:\/\/yoast.com\/product\/yoast-seo-wordpress\/ -->\n<title>Bilan de l&#039;ann\u00e9e 2022 : l\u2019industrie mini\u00e8re qu\u00e9b\u00e9coise en constante \u00e9volution - Association Mini\u00e8re du Qu\u00e9bec<\/title>\n<meta name=\"robots\" content=\"index, follow, max-snippet:-1, max-image-preview:large, max-video-preview:-1\" \/>\n<link rel=\"canonical\" href=\"https:\/\/amq-inc.com\/en\/bilan-de-lannee-2022-lindustrie-miniere-quebecoise-en-constante-evolution\/\" \/>\n<meta property=\"og:locale\" content=\"en_US\" \/>\n<meta property=\"og:type\" content=\"article\" \/>\n<meta property=\"og:title\" content=\"Bilan de l&#039;ann\u00e9e 2022 : l\u2019industrie mini\u00e8re qu\u00e9b\u00e9coise en constante \u00e9volution - Association Mini\u00e8re du Qu\u00e9bec\" \/>\n<meta property=\"og:description\" content=\"Qu\u00e9bec, le 21 d\u00e9cembre 2022 \u2013&nbsp;Le contexte socio\u00e9conomique qui a pr\u00e9valu au cours de l\u2019ann\u00e9e 2022 aura certainement influenc\u00e9 tous [&hellip;]\" \/>\n<meta property=\"og:url\" content=\"https:\/\/amq-inc.com\/en\/bilan-de-lannee-2022-lindustrie-miniere-quebecoise-en-constante-evolution\/\" \/>\n<meta property=\"og:site_name\" content=\"Association Mini\u00e8re du Qu\u00e9bec\" \/>\n<meta property=\"article:published_time\" content=\"2022-12-21T16:50:00+00:00\" \/>\n<meta property=\"article:modified_time\" content=\"2023-04-17T12:46:46+00:00\" \/>\n<meta property=\"og:image\" content=\"https:\/\/amq-inc.com\/wp-content\/uploads\/2022\/09\/amq-og.jpg\" \/>\n\t<meta property=\"og:image:width\" content=\"2400\" \/>\n\t<meta property=\"og:image:height\" content=\"1260\" \/>\n\t<meta property=\"og:image:type\" content=\"image\/jpeg\" \/>\n<meta name=\"author\" content=\"admin\" \/>\n<meta name=\"twitter:card\" content=\"summary_large_image\" \/>\n<meta name=\"twitter:label1\" content=\"Written by\" \/>\n\t<meta name=\"twitter:data1\" content=\"admin\" \/>\n\t<meta name=\"twitter:label2\" content=\"Est. reading time\" \/>\n\t<meta name=\"twitter:data2\" content=\"7 minutes\" \/>\n<!-- \/ Yoast SEO plugin. -->","yoast_head_json":{"title":"Bilan de l'ann\u00e9e 2022 : l\u2019industrie mini\u00e8re qu\u00e9b\u00e9coise en constante \u00e9volution - Association Mini\u00e8re du Qu\u00e9bec","robots":{"index":"index","follow":"follow","max-snippet":"max-snippet:-1","max-image-preview":"max-image-preview:large","max-video-preview":"max-video-preview:-1"},"canonical":"https:\/\/amq-inc.com\/en\/bilan-de-lannee-2022-lindustrie-miniere-quebecoise-en-constante-evolution\/","og_locale":"en_US","og_type":"article","og_title":"Bilan de l'ann\u00e9e 2022 : l\u2019industrie mini\u00e8re qu\u00e9b\u00e9coise en constante \u00e9volution - Association Mini\u00e8re du Qu\u00e9bec","og_description":"Qu\u00e9bec, le 21 d\u00e9cembre 2022 \u2013&nbsp;Le contexte socio\u00e9conomique qui a pr\u00e9valu au cours de l\u2019ann\u00e9e 2022 aura certainement influenc\u00e9 tous [&hellip;]","og_url":"https:\/\/amq-inc.com\/en\/bilan-de-lannee-2022-lindustrie-miniere-quebecoise-en-constante-evolution\/","og_site_name":"Association Mini\u00e8re du Qu\u00e9bec","article_published_time":"2022-12-21T16:50:00+00:00","article_modified_time":"2023-04-17T12:46:46+00:00","og_image":[{"width":2400,"height":1260,"url":"https:\/\/amq-inc.com\/wp-content\/uploads\/2022\/09\/amq-og.jpg","type":"image\/jpeg"}],"author":"admin","twitter_card":"summary_large_image","twitter_misc":{"Written by":"admin","Est. reading time":"7 minutes"},"schema":{"@context":"https:\/\/schema.org","@graph":[{"@type":"Article","@id":"https:\/\/amq-inc.com\/en\/bilan-de-lannee-2022-lindustrie-miniere-quebecoise-en-constante-evolution\/#article","isPartOf":{"@id":"https:\/\/amq-inc.com\/en\/bilan-de-lannee-2022-lindustrie-miniere-quebecoise-en-constante-evolution\/"},"author":{"name":"admin","@id":"https:\/\/amq-inc.com\/en\/#\/schema\/person\/9a9d88fe7031eddfc63c3f42e577dcfc"},"headline":"Bilan de l&#8217;ann\u00e9e 2022 : l\u2019industrie mini\u00e8re qu\u00e9b\u00e9coise en constante \u00e9volution","datePublished":"2022-12-21T16:50:00+00:00","dateModified":"2023-04-17T12:46:46+00:00","mainEntityOfPage":{"@id":"https:\/\/amq-inc.com\/en\/bilan-de-lannee-2022-lindustrie-miniere-quebecoise-en-constante-evolution\/"},"wordCount":1600,"publisher":{"@id":"https:\/\/amq-inc.com\/en\/#organization"},"articleSection":["Press releases"],"inLanguage":"en-US"},{"@type":"WebPage","@id":"https:\/\/amq-inc.com\/en\/bilan-de-lannee-2022-lindustrie-miniere-quebecoise-en-constante-evolution\/","url":"https:\/\/amq-inc.com\/en\/bilan-de-lannee-2022-lindustrie-miniere-quebecoise-en-constante-evolution\/","name":"Bilan de l'ann\u00e9e 2022 : l\u2019industrie mini\u00e8re qu\u00e9b\u00e9coise en constante \u00e9volution - Association Mini\u00e8re du Qu\u00e9bec","isPartOf":{"@id":"https:\/\/amq-inc.com\/en\/#website"},"datePublished":"2022-12-21T16:50:00+00:00","dateModified":"2023-04-17T12:46:46+00:00","breadcrumb":{"@id":"https:\/\/amq-inc.com\/en\/bilan-de-lannee-2022-lindustrie-miniere-quebecoise-en-constante-evolution\/#breadcrumb"},"inLanguage":"en-US","potentialAction":[{"@type":"ReadAction","target":["https:\/\/amq-inc.com\/en\/bilan-de-lannee-2022-lindustrie-miniere-quebecoise-en-constante-evolution\/"]}]},{"@type":"BreadcrumbList","@id":"https:\/\/amq-inc.com\/en\/bilan-de-lannee-2022-lindustrie-miniere-quebecoise-en-constante-evolution\/#breadcrumb","itemListElement":[{"@type":"ListItem","position":1,"name":"Accueil","item":"https:\/\/amq-inc.com\/en\/"},{"@type":"ListItem","position":2,"name":"Bilan de l&rsquo;ann\u00e9e 2022 : l\u2019industrie mini\u00e8re qu\u00e9b\u00e9coise en constante \u00e9volution"}]},{"@type":"WebSite","@id":"https:\/\/amq-inc.com\/en\/#website","url":"https:\/\/amq-inc.com\/en\/","name":"Association Mini\u00e8re du Qu\u00e9bec","description":"","publisher":{"@id":"https:\/\/amq-inc.com\/en\/#organization"},"potentialAction":[{"@type":"SearchAction","target":{"@type":"EntryPoint","urlTemplate":"https:\/\/amq-inc.com\/en\/?s={search_term_string}"},"query-input":{"@type":"PropertyValueSpecification","valueRequired":true,"valueName":"search_term_string"}}],"inLanguage":"en-US"},{"@type":"Organization","@id":"https:\/\/amq-inc.com\/en\/#organization","name":"Association Mini\u00e8re du Qu\u00e9bec","url":"https:\/\/amq-inc.com\/en\/","logo":{"@type":"ImageObject","inLanguage":"en-US","@id":"https:\/\/amq-inc.com\/en\/#\/schema\/logo\/image\/","url":"https:\/\/amq-inc.com\/wp-content\/uploads\/2022\/05\/amq-logo.png","contentUrl":"https:\/\/amq-inc.com\/wp-content\/uploads\/2022\/05\/amq-logo.png","width":1200,"height":529,"caption":"Association Mini\u00e8re du Qu\u00e9bec"},"image":{"@id":"https:\/\/amq-inc.com\/en\/#\/schema\/logo\/image\/"}},{"@type":"Person","@id":"https:\/\/amq-inc.com\/en\/#\/schema\/person\/9a9d88fe7031eddfc63c3f42e577dcfc","name":"admin","image":{"@type":"ImageObject","inLanguage":"en-US","@id":"https:\/\/secure.gravatar.com\/avatar\/d6da88644598e9e30b2b40c672e8d90d461be65b568e8cf4b89ec7c597020e56?s=96&d=mm&r=g","url":"https:\/\/secure.gravatar.com\/avatar\/d6da88644598e9e30b2b40c672e8d90d461be65b568e8cf4b89ec7c597020e56?s=96&d=mm&r=g","contentUrl":"https:\/\/secure.gravatar.com\/avatar\/d6da88644598e9e30b2b40c672e8d90d461be65b568e8cf4b89ec7c597020e56?s=96&d=mm&r=g","caption":"admin"},"sameAs":["https:\/\/amq-inc.com"],"url":"https:\/\/amq-inc.com\/en\/author\/web_d1bfhpzl\/"}]}},"_links":{"self":[{"href":"https:\/\/amq-inc.com\/en\/wp-json\/wp\/v2\/posts\/3069","targetHints":{"allow":["GET"]}}],"collection":[{"href":"https:\/\/amq-inc.com\/en\/wp-json\/wp\/v2\/posts"}],"about":[{"href":"https:\/\/amq-inc.com\/en\/wp-json\/wp\/v2\/types\/post"}],"author":[{"embeddable":true,"href":"https:\/\/amq-inc.com\/en\/wp-json\/wp\/v2\/users\/1"}],"replies":[{"embeddable":true,"href":"https:\/\/amq-inc.com\/en\/wp-json\/wp\/v2\/comments?post=3069"}],"version-history":[{"count":1,"href":"https:\/\/amq-inc.com\/en\/wp-json\/wp\/v2\/posts\/3069\/revisions"}],"predecessor-version":[{"id":3070,"href":"https:\/\/amq-inc.com\/en\/wp-json\/wp\/v2\/posts\/3069\/revisions\/3070"}],"wp:attachment":[{"href":"https:\/\/amq-inc.com\/en\/wp-json\/wp\/v2\/media?parent=3069"}],"wp:term":[{"taxonomy":"category","embeddable":true,"href":"https:\/\/amq-inc.com\/en\/wp-json\/wp\/v2\/categories?post=3069"},{"taxonomy":"post_tag","embeddable":true,"href":"https:\/\/amq-inc.com\/en\/wp-json\/wp\/v2\/tags?post=3069"}],"curies":[{"name":"wp","href":"https:\/\/api.w.org\/{rel}","templated":true}]}}