{"id":3093,"date":"2022-10-21T21:22:00","date_gmt":"2022-10-21T21:22:00","guid":{"rendered":"https:\/\/amq-inc.com\/nominations-du-conseil-des-ministres-de-francois-legault-lassociation-miniere-du-quebec-salue-larrivee-de-maite-blanchette-vezina-a-titre-de-ministre-des-ressources-naturelles-et-d\/"},"modified":"2023-04-17T13:21:41","modified_gmt":"2023-04-17T13:21:41","slug":"nominations-du-conseil-des-ministres-de-francois-legault-lassociation-miniere-du-quebec-salue-larrivee-de-maite-blanchette-vezina-a-titre-de-ministre-des-ressources-naturelles-et-d","status":"publish","type":"post","link":"https:\/\/amq-inc.com\/en\/nominations-du-conseil-des-ministres-de-francois-legault-lassociation-miniere-du-quebec-salue-larrivee-de-maite-blanchette-vezina-a-titre-de-ministre-des-ressources-naturelles-et-d\/","title":{"rendered":"Nominations du conseil des ministres de Fran\u00e7ois Legault &#8211; L\u2019association Mini\u00e8re du Qu\u00e9bec salue l\u2019arriv\u00e9e de Ma\u00eft\u00e9 Blanchette V\u00e9zina \u00e0 titre de ministre des ressources naturelles et des for\u00eats"},"content":{"rendered":"\n<p>The Qu\u00e9bec Mining Association (QMA) congratulates Ma\u00eft\u00e9 Blanchette V\u00e9zina on her appointment as Minister of Natural Resources and Forests and offers her its full support in ensuring that the mining industry develops in a sustainable and responsible way as a source of wealth and pride for Qu\u00e9bec.<\/p>\n\n\n\n<p><br>The QMA also congratulates Benoit Charette and Ian Lafreni\u00e8re, respectively reappointed as Minister of the Environment, the Fight Against Climate Change, Wildlife and Parks and Minister Responsible for Relations with the First Nations and Inuit. The QMA will be glad to continue its discussions with both Ministers to help them take the realities of mineral development in Qu\u00e9bec into account in connection with environmental authorizations and community relations.<\/p>\n\n\n\n<p><br>The QMA congratulates Pierre Fitzgibbon for his extended mandate as Minister of Economy, Innovation and Energy. The QMA looks forward to working with him to examine possible solutions to energy issues in the mining sector, and in particular the growing need for hydroelectricity supplies in response to the decarbonization of mine facilities.<\/p>\n\n\n\n<p><br>Qu\u00e9bec has a strong mining industry that has earned an excellent reputation worldwide thanks to its qualified workforce and ethical, responsible and respectful approach to mining. The mining industry hopes to continue to make a major contribution to the socio-economic prosperity of Qu\u00e9bec and its regions. The QMA, in turn, hopes that the government will continue to position the mining sector as a solution to climate issues and will remain responsive in order to promote a situation that is conducive to investment and mineral development in Qu\u00e9bec, while ensuring that the industry retains its competitive edge.<\/p>\n\n\n\n<div style=\"height:100px\" aria-hidden=\"true\" class=\"wp-block-spacer\"><\/div>\n\n\n\n<blockquote class=\"wp-block-quote is-layout-flow wp-block-quote-is-layout-flow\">\n<p><strong>\u00ab A lot has been accomplished in the last four years, but several issues must be faced if our industry is to continue its development and improve its competitive edge on the world stage. We will continue to work with the government in order to maintain a strong mining industry.\u201d \u00bb<\/strong><\/p>\n<cite><strong>&#8211; Jos\u00e9e M\u00e9thot, QMA President and CEO<\/strong><\/cite><\/blockquote>\n\n\n\n<div style=\"height:100px\" aria-hidden=\"true\" class=\"wp-block-spacer\"><\/div>\n\n\n\n<p><strong>About the Qu\u00e9bec Mining Association<\/strong><\/p>\n\n\n\n<p><strong>The Qu\u00e9bec Mining Association (QMA) was founded in 1936 and speaks proactively for mining companies involved in exploration, extraction and processing, mining contractors and junior mining companies, along with suppliers, institutions, non-profit organizations and other mining sector partners. It is proud of the 48,187 jobs and activities totaling $11.7 billion generated by Qu\u00e9bec&#8217;s mining industry in 2020. The QMA\u2019s mission is to promote, support and proactively develop a responsible, committed and innovative mining industry in Qu\u00e9bec.<\/strong><\/p>\n","protected":false},"excerpt":{"rendered":"<p>The Qu\u00e9bec Mining Association (QMA) congratulates Ma\u00eft\u00e9 Blanchette V\u00e9zina on her appointment as Minister of Natural Resources and Forests and [&hellip;]<\/p>\n","protected":false},"author":1,"featured_media":0,"comment_status":"closed","ping_status":"closed","sticky":false,"template":"","format":"standard","meta":{"_acf_changed":false,"footnotes":""},"categories":[112],"tags":[],"class_list":["post-3093","post","type-post","status-publish","format-standard","hentry","category-communiques-de-presse-en"],"acf":[],"yoast_head":"<!-- This site is optimized with the Yoast SEO plugin v27.5 - https:\/\/yoast.com\/product\/yoast-seo-wordpress\/ -->\n<title>Nominations du conseil des ministres de Fran\u00e7ois Legault - L\u2019association Mini\u00e8re du Qu\u00e9bec salue l\u2019arriv\u00e9e de Ma\u00eft\u00e9 Blanchette V\u00e9zina \u00e0 titre de ministre des ressources naturelles et des for\u00eats - Association Mini\u00e8re du Qu\u00e9bec<\/title>\n<meta name=\"robots\" content=\"index, follow, max-snippet:-1, max-image-preview:large, max-video-preview:-1\" \/>\n<link rel=\"canonical\" href=\"https:\/\/amq-inc.com\/en\/nominations-du-conseil-des-ministres-de-francois-legault-lassociation-miniere-du-quebec-salue-larrivee-de-maite-blanchette-vezina-a-titre-de-ministre-des-ressources-naturelles-et-d\/\" \/>\n<meta property=\"og:locale\" content=\"en_US\" \/>\n<meta property=\"og:type\" content=\"article\" \/>\n<meta property=\"og:title\" content=\"Nominations du conseil des ministres de Fran\u00e7ois Legault - L\u2019association Mini\u00e8re du Qu\u00e9bec salue l\u2019arriv\u00e9e de Ma\u00eft\u00e9 Blanchette V\u00e9zina \u00e0 titre de ministre des ressources naturelles et des for\u00eats - Association Mini\u00e8re du Qu\u00e9bec\" \/>\n<meta property=\"og:description\" content=\"The Qu\u00e9bec Mining Association (QMA) congratulates Ma\u00eft\u00e9 Blanchette V\u00e9zina on her appointment as Minister of Natural Resources and Forests and [&hellip;]\" \/>\n<meta property=\"og:url\" content=\"https:\/\/amq-inc.com\/en\/nominations-du-conseil-des-ministres-de-francois-legault-lassociation-miniere-du-quebec-salue-larrivee-de-maite-blanchette-vezina-a-titre-de-ministre-des-ressources-naturelles-et-d\/\" \/>\n<meta property=\"og:site_name\" content=\"Association Mini\u00e8re du Qu\u00e9bec\" \/>\n<meta property=\"article:published_time\" content=\"2022-10-21T21:22:00+00:00\" \/>\n<meta property=\"article:modified_time\" content=\"2023-04-17T13:21:41+00:00\" \/>\n<meta property=\"og:image\" content=\"https:\/\/amq-inc.com\/wp-content\/uploads\/2022\/09\/amq-og.jpg\" \/>\n\t<meta property=\"og:image:width\" content=\"2400\" \/>\n\t<meta property=\"og:image:height\" content=\"1260\" \/>\n\t<meta property=\"og:image:type\" content=\"image\/jpeg\" \/>\n<meta name=\"author\" content=\"admin\" \/>\n<meta name=\"twitter:card\" content=\"summary_large_image\" \/>\n<meta name=\"twitter:label1\" content=\"Written by\" \/>\n\t<meta name=\"twitter:data1\" content=\"admin\" \/>\n\t<meta name=\"twitter:label2\" content=\"Est. reading time\" \/>\n\t<meta name=\"twitter:data2\" content=\"3 minutes\" \/>\n<!-- \/ Yoast SEO plugin. -->","yoast_head_json":{"title":"Nominations du conseil des ministres de Fran\u00e7ois Legault - L\u2019association Mini\u00e8re du Qu\u00e9bec salue l\u2019arriv\u00e9e de Ma\u00eft\u00e9 Blanchette V\u00e9zina \u00e0 titre de ministre des ressources naturelles et des for\u00eats - Association Mini\u00e8re du Qu\u00e9bec","robots":{"index":"index","follow":"follow","max-snippet":"max-snippet:-1","max-image-preview":"max-image-preview:large","max-video-preview":"max-video-preview:-1"},"canonical":"https:\/\/amq-inc.com\/en\/nominations-du-conseil-des-ministres-de-francois-legault-lassociation-miniere-du-quebec-salue-larrivee-de-maite-blanchette-vezina-a-titre-de-ministre-des-ressources-naturelles-et-d\/","og_locale":"en_US","og_type":"article","og_title":"Nominations du conseil des ministres de Fran\u00e7ois Legault - L\u2019association Mini\u00e8re du Qu\u00e9bec salue l\u2019arriv\u00e9e de Ma\u00eft\u00e9 Blanchette V\u00e9zina \u00e0 titre de ministre des ressources naturelles et des for\u00eats - Association Mini\u00e8re du Qu\u00e9bec","og_description":"The Qu\u00e9bec Mining Association (QMA) congratulates Ma\u00eft\u00e9 Blanchette V\u00e9zina on her appointment as Minister of Natural Resources and Forests and [&hellip;]","og_url":"https:\/\/amq-inc.com\/en\/nominations-du-conseil-des-ministres-de-francois-legault-lassociation-miniere-du-quebec-salue-larrivee-de-maite-blanchette-vezina-a-titre-de-ministre-des-ressources-naturelles-et-d\/","og_site_name":"Association Mini\u00e8re du Qu\u00e9bec","article_published_time":"2022-10-21T21:22:00+00:00","article_modified_time":"2023-04-17T13:21:41+00:00","og_image":[{"width":2400,"height":1260,"url":"https:\/\/amq-inc.com\/wp-content\/uploads\/2022\/09\/amq-og.jpg","type":"image\/jpeg"}],"author":"admin","twitter_card":"summary_large_image","twitter_misc":{"Written by":"admin","Est. reading time":"3 minutes"},"schema":{"@context":"https:\/\/schema.org","@graph":[{"@type":"Article","@id":"https:\/\/amq-inc.com\/en\/nominations-du-conseil-des-ministres-de-francois-legault-lassociation-miniere-du-quebec-salue-larrivee-de-maite-blanchette-vezina-a-titre-de-ministre-des-ressources-naturelles-et-d\/#article","isPartOf":{"@id":"https:\/\/amq-inc.com\/en\/nominations-du-conseil-des-ministres-de-francois-legault-lassociation-miniere-du-quebec-salue-larrivee-de-maite-blanchette-vezina-a-titre-de-ministre-des-ressources-naturelles-et-d\/"},"author":{"name":"admin","@id":"https:\/\/amq-inc.com\/en\/#\/schema\/person\/9a9d88fe7031eddfc63c3f42e577dcfc"},"headline":"Nominations du conseil des ministres de Fran\u00e7ois Legault &#8211; L\u2019association Mini\u00e8re du Qu\u00e9bec salue l\u2019arriv\u00e9e de Ma\u00eft\u00e9 Blanchette V\u00e9zina \u00e0 titre de ministre des ressources naturelles et des for\u00eats","datePublished":"2022-10-21T21:22:00+00:00","dateModified":"2023-04-17T13:21:41+00:00","mainEntityOfPage":{"@id":"https:\/\/amq-inc.com\/en\/nominations-du-conseil-des-ministres-de-francois-legault-lassociation-miniere-du-quebec-salue-larrivee-de-maite-blanchette-vezina-a-titre-de-ministre-des-ressources-naturelles-et-d\/"},"wordCount":450,"publisher":{"@id":"https:\/\/amq-inc.com\/en\/#organization"},"articleSection":["Press releases"],"inLanguage":"en-US"},{"@type":"WebPage","@id":"https:\/\/amq-inc.com\/en\/nominations-du-conseil-des-ministres-de-francois-legault-lassociation-miniere-du-quebec-salue-larrivee-de-maite-blanchette-vezina-a-titre-de-ministre-des-ressources-naturelles-et-d\/","url":"https:\/\/amq-inc.com\/en\/nominations-du-conseil-des-ministres-de-francois-legault-lassociation-miniere-du-quebec-salue-larrivee-de-maite-blanchette-vezina-a-titre-de-ministre-des-ressources-naturelles-et-d\/","name":"Nominations du conseil des ministres de Fran\u00e7ois Legault - L\u2019association Mini\u00e8re du Qu\u00e9bec salue l\u2019arriv\u00e9e de Ma\u00eft\u00e9 Blanchette V\u00e9zina \u00e0 titre de ministre des ressources naturelles et des for\u00eats - Association Mini\u00e8re du Qu\u00e9bec","isPartOf":{"@id":"https:\/\/amq-inc.com\/en\/#website"},"datePublished":"2022-10-21T21:22:00+00:00","dateModified":"2023-04-17T13:21:41+00:00","breadcrumb":{"@id":"https:\/\/amq-inc.com\/en\/nominations-du-conseil-des-ministres-de-francois-legault-lassociation-miniere-du-quebec-salue-larrivee-de-maite-blanchette-vezina-a-titre-de-ministre-des-ressources-naturelles-et-d\/#breadcrumb"},"inLanguage":"en-US","potentialAction":[{"@type":"ReadAction","target":["https:\/\/amq-inc.com\/en\/nominations-du-conseil-des-ministres-de-francois-legault-lassociation-miniere-du-quebec-salue-larrivee-de-maite-blanchette-vezina-a-titre-de-ministre-des-ressources-naturelles-et-d\/"]}]},{"@type":"BreadcrumbList","@id":"https:\/\/amq-inc.com\/en\/nominations-du-conseil-des-ministres-de-francois-legault-lassociation-miniere-du-quebec-salue-larrivee-de-maite-blanchette-vezina-a-titre-de-ministre-des-ressources-naturelles-et-d\/#breadcrumb","itemListElement":[{"@type":"ListItem","position":1,"name":"Accueil","item":"https:\/\/amq-inc.com\/en\/"},{"@type":"ListItem","position":2,"name":"Nominations du conseil des ministres de Fran\u00e7ois Legault &#8211; L\u2019association Mini\u00e8re du Qu\u00e9bec salue l\u2019arriv\u00e9e de Ma\u00eft\u00e9 Blanchette V\u00e9zina \u00e0 titre de ministre des ressources naturelles et des for\u00eats"}]},{"@type":"WebSite","@id":"https:\/\/amq-inc.com\/en\/#website","url":"https:\/\/amq-inc.com\/en\/","name":"Association Mini\u00e8re du Qu\u00e9bec","description":"","publisher":{"@id":"https:\/\/amq-inc.com\/en\/#organization"},"potentialAction":[{"@type":"SearchAction","target":{"@type":"EntryPoint","urlTemplate":"https:\/\/amq-inc.com\/en\/?s={search_term_string}"},"query-input":{"@type":"PropertyValueSpecification","valueRequired":true,"valueName":"search_term_string"}}],"inLanguage":"en-US"},{"@type":"Organization","@id":"https:\/\/amq-inc.com\/en\/#organization","name":"Association Mini\u00e8re du Qu\u00e9bec","url":"https:\/\/amq-inc.com\/en\/","logo":{"@type":"ImageObject","inLanguage":"en-US","@id":"https:\/\/amq-inc.com\/en\/#\/schema\/logo\/image\/","url":"https:\/\/amq-inc.com\/wp-content\/uploads\/2022\/05\/amq-logo.png","contentUrl":"https:\/\/amq-inc.com\/wp-content\/uploads\/2022\/05\/amq-logo.png","width":1200,"height":529,"caption":"Association Mini\u00e8re du Qu\u00e9bec"},"image":{"@id":"https:\/\/amq-inc.com\/en\/#\/schema\/logo\/image\/"}},{"@type":"Person","@id":"https:\/\/amq-inc.com\/en\/#\/schema\/person\/9a9d88fe7031eddfc63c3f42e577dcfc","name":"admin","image":{"@type":"ImageObject","inLanguage":"en-US","@id":"https:\/\/secure.gravatar.com\/avatar\/d6da88644598e9e30b2b40c672e8d90d461be65b568e8cf4b89ec7c597020e56?s=96&d=mm&r=g","url":"https:\/\/secure.gravatar.com\/avatar\/d6da88644598e9e30b2b40c672e8d90d461be65b568e8cf4b89ec7c597020e56?s=96&d=mm&r=g","contentUrl":"https:\/\/secure.gravatar.com\/avatar\/d6da88644598e9e30b2b40c672e8d90d461be65b568e8cf4b89ec7c597020e56?s=96&d=mm&r=g","caption":"admin"},"sameAs":["https:\/\/amq-inc.com"],"url":"https:\/\/amq-inc.com\/en\/author\/web_d1bfhpzl\/"}]}},"_links":{"self":[{"href":"https:\/\/amq-inc.com\/en\/wp-json\/wp\/v2\/posts\/3093","targetHints":{"allow":["GET"]}}],"collection":[{"href":"https:\/\/amq-inc.com\/en\/wp-json\/wp\/v2\/posts"}],"about":[{"href":"https:\/\/amq-inc.com\/en\/wp-json\/wp\/v2\/types\/post"}],"author":[{"embeddable":true,"href":"https:\/\/amq-inc.com\/en\/wp-json\/wp\/v2\/users\/1"}],"replies":[{"embeddable":true,"href":"https:\/\/amq-inc.com\/en\/wp-json\/wp\/v2\/comments?post=3093"}],"version-history":[{"count":1,"href":"https:\/\/amq-inc.com\/en\/wp-json\/wp\/v2\/posts\/3093\/revisions"}],"predecessor-version":[{"id":3095,"href":"https:\/\/amq-inc.com\/en\/wp-json\/wp\/v2\/posts\/3093\/revisions\/3095"}],"wp:attachment":[{"href":"https:\/\/amq-inc.com\/en\/wp-json\/wp\/v2\/media?parent=3093"}],"wp:term":[{"taxonomy":"category","embeddable":true,"href":"https:\/\/amq-inc.com\/en\/wp-json\/wp\/v2\/categories?post=3093"},{"taxonomy":"post_tag","embeddable":true,"href":"https:\/\/amq-inc.com\/en\/wp-json\/wp\/v2\/tags?post=3093"}],"curies":[{"name":"wp","href":"https:\/\/api.w.org\/{rel}","templated":true}]}}