{"id":3100,"date":"2022-09-22T21:27:00","date_gmt":"2022-09-22T21:27:00","guid":{"rendered":"https:\/\/amq-inc.com\/lassociation-miniere-du-quebec-recompense-un-travailleur-de-niobec\/"},"modified":"2023-04-17T13:26:48","modified_gmt":"2023-04-17T13:26:48","slug":"lassociation-miniere-du-quebec-recompense-un-travailleur-de-niobec","status":"publish","type":"post","link":"https:\/\/amq-inc.com\/en\/lassociation-miniere-du-quebec-recompense-un-travailleur-de-niobec\/","title":{"rendered":"L\u2019Association Mini\u00e8re du Qu\u00e9bec r\u00e9compense un travailleur de Niobec"},"content":{"rendered":"\n<p><strong>Qu\u00e9bec, le 22 septembre 2022<\/strong>&nbsp;\u2013 L\u2019Association mini\u00e8re du Qu\u00e9bec (AMQ) a r\u00e9compens\u00e9 les efforts en sant\u00e9 et s\u00e9curit\u00e9 du travail (SST) de Micha\u00ebl Rioux Contrema\u00eetre entretien m\u00e9canique usines de la mine Niobec, une compagnie de Magris. M. Rioux s\u2019est vu remettre un Troph\u00e9e Reconnaissance SST afin de saluer ses accomplissements qui ont permis de maintenir des milieux de travail s\u00e9curitaires pour une p\u00e9riode de 50\u2009000 heures pour l\u2019ann\u00e9e 2021.<\/p>\n\n\n\n<p>Ce travailleur fait partie d\u2019un groupe de 158 contrema\u00eetres et superviseurs travaillant dans les mines qu\u00e9b\u00e9coises et \u00e9tant honor\u00e9s par l\u2019AMQ cette ann\u00e9e.<\/p>\n\n\n\n<div style=\"height:100px\" aria-hidden=\"true\" class=\"wp-block-spacer\"><\/div>\n\n\n\n<blockquote class=\"wp-block-quote is-layout-flow wp-block-quote-is-layout-flow\">\n<p><strong>\u00ab Ancr\u00e9s dans ses valeurs, les efforts en sant\u00e9 et s\u00e9curit\u00e9 du travail (SST) se voient souligner chaque ann\u00e9e par l\u2019AMQ. La mobilisation de l\u2019industrie mini\u00e8re sur le plan SST est l\u2019une de nos forces et nous sommes fiers que cela se refl\u00e8te dans les gestes de chacun des travailleurs. \u00bb<\/strong><\/p>\n<cite><strong>&#8211; Jos\u00e9e M\u00e9thot, pr\u00e9sidente-directrice g\u00e9n\u00e9rale de l\u2019AMQ<\/strong><\/cite><\/blockquote>\n\n\n\n<div style=\"height:100px\" aria-hidden=\"true\" class=\"wp-block-spacer\"><\/div>\n\n\n\n<p><strong>\u00c0 propos de l\u2019Association mini\u00e8re du Qu\u00e9bec<\/strong><\/p>\n\n\n\n<p><strong>Fond\u00e9e en 1936, l\u2019Association mini\u00e8re du Qu\u00e9bec agit \u00e0 titre de porte-parole proactif des entreprises mini\u00e8res en production, en exploration et en transformation, des entrepreneurs miniers, des entreprises mini\u00e8res en d\u00e9veloppement, de m\u00eame que des fournisseurs, d\u2019institutions, d\u2019organismes sans but lucratif et de divers partenaires du secteur minier. Fi\u00e8re des 48 187 emplois et des d\u00e9penses totales de 11,7 milliards de dollars que l\u2019industrie mini\u00e8re a g\u00e9n\u00e9r\u00e9s au Qu\u00e9bec au cours de l\u2019ann\u00e9e 2020, l\u2019AMQ a pour mission de promouvoir, soutenir et d\u00e9velopper une industrie min\u00e9rale qu\u00e9b\u00e9coise engag\u00e9e, responsable et innovante.<\/strong><\/p>\n","protected":false},"excerpt":{"rendered":"<p>Qu\u00e9bec, le 22 septembre 2022&nbsp;\u2013 L\u2019Association mini\u00e8re du Qu\u00e9bec (AMQ) a r\u00e9compens\u00e9 les efforts en sant\u00e9 et s\u00e9curit\u00e9 du travail [&hellip;]<\/p>\n","protected":false},"author":1,"featured_media":0,"comment_status":"closed","ping_status":"closed","sticky":false,"template":"","format":"standard","meta":{"_acf_changed":false,"footnotes":""},"categories":[112],"tags":[],"class_list":["post-3100","post","type-post","status-publish","format-standard","hentry","category-communiques-de-presse-en"],"acf":[],"yoast_head":"<!-- This site is optimized with the Yoast SEO plugin v27.5 - https:\/\/yoast.com\/product\/yoast-seo-wordpress\/ -->\n<title>L\u2019Association Mini\u00e8re du Qu\u00e9bec r\u00e9compense un travailleur de Niobec - Association Mini\u00e8re du Qu\u00e9bec<\/title>\n<meta name=\"robots\" content=\"index, follow, max-snippet:-1, max-image-preview:large, max-video-preview:-1\" \/>\n<link rel=\"canonical\" href=\"https:\/\/amq-inc.com\/en\/lassociation-miniere-du-quebec-recompense-un-travailleur-de-niobec\/\" \/>\n<meta property=\"og:locale\" content=\"en_US\" \/>\n<meta property=\"og:type\" content=\"article\" \/>\n<meta property=\"og:title\" content=\"L\u2019Association Mini\u00e8re du Qu\u00e9bec r\u00e9compense un travailleur de Niobec - Association Mini\u00e8re du Qu\u00e9bec\" \/>\n<meta property=\"og:description\" content=\"Qu\u00e9bec, le 22 septembre 2022&nbsp;\u2013 L\u2019Association mini\u00e8re du Qu\u00e9bec (AMQ) a r\u00e9compens\u00e9 les efforts en sant\u00e9 et s\u00e9curit\u00e9 du travail [&hellip;]\" \/>\n<meta property=\"og:url\" content=\"https:\/\/amq-inc.com\/en\/lassociation-miniere-du-quebec-recompense-un-travailleur-de-niobec\/\" \/>\n<meta property=\"og:site_name\" content=\"Association Mini\u00e8re du Qu\u00e9bec\" \/>\n<meta property=\"article:published_time\" content=\"2022-09-22T21:27:00+00:00\" \/>\n<meta property=\"article:modified_time\" content=\"2023-04-17T13:26:48+00:00\" \/>\n<meta property=\"og:image\" content=\"https:\/\/amq-inc.com\/wp-content\/uploads\/2022\/09\/amq-og.jpg\" \/>\n\t<meta property=\"og:image:width\" content=\"2400\" \/>\n\t<meta property=\"og:image:height\" content=\"1260\" \/>\n\t<meta property=\"og:image:type\" content=\"image\/jpeg\" \/>\n<meta name=\"author\" content=\"admin\" \/>\n<meta name=\"twitter:card\" content=\"summary_large_image\" \/>\n<meta name=\"twitter:label1\" content=\"Written by\" \/>\n\t<meta name=\"twitter:data1\" content=\"admin\" \/>\n\t<meta name=\"twitter:label2\" content=\"Est. reading time\" \/>\n\t<meta name=\"twitter:data2\" content=\"2 minutes\" \/>\n<!-- \/ Yoast SEO plugin. -->","yoast_head_json":{"title":"L\u2019Association Mini\u00e8re du Qu\u00e9bec r\u00e9compense un travailleur de Niobec - Association Mini\u00e8re du Qu\u00e9bec","robots":{"index":"index","follow":"follow","max-snippet":"max-snippet:-1","max-image-preview":"max-image-preview:large","max-video-preview":"max-video-preview:-1"},"canonical":"https:\/\/amq-inc.com\/en\/lassociation-miniere-du-quebec-recompense-un-travailleur-de-niobec\/","og_locale":"en_US","og_type":"article","og_title":"L\u2019Association Mini\u00e8re du Qu\u00e9bec r\u00e9compense un travailleur de Niobec - Association Mini\u00e8re du Qu\u00e9bec","og_description":"Qu\u00e9bec, le 22 septembre 2022&nbsp;\u2013 L\u2019Association mini\u00e8re du Qu\u00e9bec (AMQ) a r\u00e9compens\u00e9 les efforts en sant\u00e9 et s\u00e9curit\u00e9 du travail [&hellip;]","og_url":"https:\/\/amq-inc.com\/en\/lassociation-miniere-du-quebec-recompense-un-travailleur-de-niobec\/","og_site_name":"Association Mini\u00e8re du Qu\u00e9bec","article_published_time":"2022-09-22T21:27:00+00:00","article_modified_time":"2023-04-17T13:26:48+00:00","og_image":[{"width":2400,"height":1260,"url":"https:\/\/amq-inc.com\/wp-content\/uploads\/2022\/09\/amq-og.jpg","type":"image\/jpeg"}],"author":"admin","twitter_card":"summary_large_image","twitter_misc":{"Written by":"admin","Est. reading time":"2 minutes"},"schema":{"@context":"https:\/\/schema.org","@graph":[{"@type":"Article","@id":"https:\/\/amq-inc.com\/en\/lassociation-miniere-du-quebec-recompense-un-travailleur-de-niobec\/#article","isPartOf":{"@id":"https:\/\/amq-inc.com\/en\/lassociation-miniere-du-quebec-recompense-un-travailleur-de-niobec\/"},"author":{"name":"admin","@id":"https:\/\/amq-inc.com\/en\/#\/schema\/person\/9a9d88fe7031eddfc63c3f42e577dcfc"},"headline":"L\u2019Association Mini\u00e8re du Qu\u00e9bec r\u00e9compense un travailleur de Niobec","datePublished":"2022-09-22T21:27:00+00:00","dateModified":"2023-04-17T13:26:48+00:00","mainEntityOfPage":{"@id":"https:\/\/amq-inc.com\/en\/lassociation-miniere-du-quebec-recompense-un-travailleur-de-niobec\/"},"wordCount":313,"publisher":{"@id":"https:\/\/amq-inc.com\/en\/#organization"},"articleSection":["Press releases"],"inLanguage":"en-US"},{"@type":"WebPage","@id":"https:\/\/amq-inc.com\/en\/lassociation-miniere-du-quebec-recompense-un-travailleur-de-niobec\/","url":"https:\/\/amq-inc.com\/en\/lassociation-miniere-du-quebec-recompense-un-travailleur-de-niobec\/","name":"L\u2019Association Mini\u00e8re du Qu\u00e9bec r\u00e9compense un travailleur de Niobec - Association Mini\u00e8re du Qu\u00e9bec","isPartOf":{"@id":"https:\/\/amq-inc.com\/en\/#website"},"datePublished":"2022-09-22T21:27:00+00:00","dateModified":"2023-04-17T13:26:48+00:00","breadcrumb":{"@id":"https:\/\/amq-inc.com\/en\/lassociation-miniere-du-quebec-recompense-un-travailleur-de-niobec\/#breadcrumb"},"inLanguage":"en-US","potentialAction":[{"@type":"ReadAction","target":["https:\/\/amq-inc.com\/en\/lassociation-miniere-du-quebec-recompense-un-travailleur-de-niobec\/"]}]},{"@type":"BreadcrumbList","@id":"https:\/\/amq-inc.com\/en\/lassociation-miniere-du-quebec-recompense-un-travailleur-de-niobec\/#breadcrumb","itemListElement":[{"@type":"ListItem","position":1,"name":"Accueil","item":"https:\/\/amq-inc.com\/en\/"},{"@type":"ListItem","position":2,"name":"L\u2019Association Mini\u00e8re du Qu\u00e9bec r\u00e9compense un travailleur de Niobec"}]},{"@type":"WebSite","@id":"https:\/\/amq-inc.com\/en\/#website","url":"https:\/\/amq-inc.com\/en\/","name":"Association Mini\u00e8re du Qu\u00e9bec","description":"","publisher":{"@id":"https:\/\/amq-inc.com\/en\/#organization"},"potentialAction":[{"@type":"SearchAction","target":{"@type":"EntryPoint","urlTemplate":"https:\/\/amq-inc.com\/en\/?s={search_term_string}"},"query-input":{"@type":"PropertyValueSpecification","valueRequired":true,"valueName":"search_term_string"}}],"inLanguage":"en-US"},{"@type":"Organization","@id":"https:\/\/amq-inc.com\/en\/#organization","name":"Association Mini\u00e8re du Qu\u00e9bec","url":"https:\/\/amq-inc.com\/en\/","logo":{"@type":"ImageObject","inLanguage":"en-US","@id":"https:\/\/amq-inc.com\/en\/#\/schema\/logo\/image\/","url":"https:\/\/amq-inc.com\/wp-content\/uploads\/2022\/05\/amq-logo.png","contentUrl":"https:\/\/amq-inc.com\/wp-content\/uploads\/2022\/05\/amq-logo.png","width":1200,"height":529,"caption":"Association Mini\u00e8re du Qu\u00e9bec"},"image":{"@id":"https:\/\/amq-inc.com\/en\/#\/schema\/logo\/image\/"}},{"@type":"Person","@id":"https:\/\/amq-inc.com\/en\/#\/schema\/person\/9a9d88fe7031eddfc63c3f42e577dcfc","name":"admin","image":{"@type":"ImageObject","inLanguage":"en-US","@id":"https:\/\/secure.gravatar.com\/avatar\/d6da88644598e9e30b2b40c672e8d90d461be65b568e8cf4b89ec7c597020e56?s=96&d=mm&r=g","url":"https:\/\/secure.gravatar.com\/avatar\/d6da88644598e9e30b2b40c672e8d90d461be65b568e8cf4b89ec7c597020e56?s=96&d=mm&r=g","contentUrl":"https:\/\/secure.gravatar.com\/avatar\/d6da88644598e9e30b2b40c672e8d90d461be65b568e8cf4b89ec7c597020e56?s=96&d=mm&r=g","caption":"admin"},"sameAs":["https:\/\/amq-inc.com"],"url":"https:\/\/amq-inc.com\/en\/author\/web_d1bfhpzl\/"}]}},"_links":{"self":[{"href":"https:\/\/amq-inc.com\/en\/wp-json\/wp\/v2\/posts\/3100","targetHints":{"allow":["GET"]}}],"collection":[{"href":"https:\/\/amq-inc.com\/en\/wp-json\/wp\/v2\/posts"}],"about":[{"href":"https:\/\/amq-inc.com\/en\/wp-json\/wp\/v2\/types\/post"}],"author":[{"embeddable":true,"href":"https:\/\/amq-inc.com\/en\/wp-json\/wp\/v2\/users\/1"}],"replies":[{"embeddable":true,"href":"https:\/\/amq-inc.com\/en\/wp-json\/wp\/v2\/comments?post=3100"}],"version-history":[{"count":1,"href":"https:\/\/amq-inc.com\/en\/wp-json\/wp\/v2\/posts\/3100\/revisions"}],"predecessor-version":[{"id":3101,"href":"https:\/\/amq-inc.com\/en\/wp-json\/wp\/v2\/posts\/3100\/revisions\/3101"}],"wp:attachment":[{"href":"https:\/\/amq-inc.com\/en\/wp-json\/wp\/v2\/media?parent=3100"}],"wp:term":[{"taxonomy":"category","embeddable":true,"href":"https:\/\/amq-inc.com\/en\/wp-json\/wp\/v2\/categories?post=3100"},{"taxonomy":"post_tag","embeddable":true,"href":"https:\/\/amq-inc.com\/en\/wp-json\/wp\/v2\/tags?post=3100"}],"curies":[{"name":"wp","href":"https:\/\/api.w.org\/{rel}","templated":true}]}}