{"id":3255,"date":"2020-01-10T21:01:00","date_gmt":"2020-01-10T21:01:00","guid":{"rendered":"https:\/\/amq-inc.com\/temple-de-la-renommee-du-secteur-minier-canadien-lassociation-miniere-du-quebec-souligne-lintronisation-debe-scherkus\/"},"modified":"2023-04-17T17:58:58","modified_gmt":"2023-04-17T17:58:58","slug":"temple-de-la-renommee-du-secteur-minier-canadien-lassociation-miniere-du-quebec-souligne-lintronisation-debe-scherkus","status":"publish","type":"post","link":"https:\/\/amq-inc.com\/en\/temple-de-la-renommee-du-secteur-minier-canadien-lassociation-miniere-du-quebec-souligne-lintronisation-debe-scherkus\/","title":{"rendered":"Canadian Mining Hall of Fame : the Qu\u00e9bec Mining Association welcomes the induction of Ebe Scherkus"},"content":{"rendered":"\n<p><strong>Qu\u00e9bec City, January 10, 2020<\/strong>&nbsp;\u2013 The Qu\u00e9bec Mining Association (QMA) is pleased to note the induction of Eberhard (Ebe) Scherkus to the Canadian Mining Hall of Fame (CMHF), in recognition of his outstanding contribution to the mining industry in Qu\u00e9bec and Canada.<\/p>\n\n\n\n<p>A fervent defender of the mining industry, Ebe Scherkus played an active role in the QMA as a member of the Board of Directors from 1990 to 1997 and as Chairman of the Board from 1994 to 1995.<\/p>\n\n\n\n<p>Ebe Scherkus was also instrumental in the development of Agnico Eagle Mines. Under his leadership it grew from a minor Canadian gold producer to the company we know today, with nine mines around the world including facilities in Canada, Finland and Mexico and projects under development in all three countries as well as the United States and Sweden.<\/p>\n\n\n\n<h3 class=\"wp-block-heading\">Ebe Scherkus\u2019 legacy<\/h3>\n\n\n\n<p>Ebe Scherkus was the driving force behind what has become the deepest mine in the Americas\u2014LaRonde Mine. When he joined Agnico Eagle in 1985, it was mining a small-scale deposit with estimated gold reserves of 200,000 ounces. As a geologist, he had always believed in the importance of mineral exploration, and he persuaded the company to invest more to discover the full potential of the property. In the space of three years he had identified reserves that extended the mine\u2019s lifespan by 10 years. The mine continues to grow today, after producing five million ounces of gold since it opened and with reserves for another 10 years of production!<\/p>\n\n\n\n<p>Mr. Scherkus also helped raise the profile of Qu\u00e9bec and Canadian mining expertise abroad. He never hesitated to rely on local expertise for the development of his mining projects. His support allowed a large number of specialized service providers, equipment makers, engineering firms and others to innovate and develop their unique expertise. Several of these companies have gone on to become flagships of Canadian industry, exporting their products and services throughout the world and able to ensure the growth of the Canadian mining industry.<\/p>\n\n\n\n<div style=\"height:100px\" aria-hidden=\"true\" class=\"wp-block-spacer\"><\/div>\n\n\n\n<blockquote class=\"wp-block-quote is-layout-flow wp-block-quote-is-layout-flow\">\n<p>\u00ab Throughout his career, Mr. Scherkus did his part to promote the QMA\u2019s mission and vision, and for this reason we are proud to have supported his nomination for the CMHF. Mr. Scherkus\u2019s reputation crosses all boundaries. His commitment and dedication will remain a source of inspiration for the whole industry and for a generation of young people who have chosen careers in the mining sector. His extensive achievements deserve to be showcased in the Canadian Mining Hall of Fame. \u00bb<\/p>\n<cite>&#8211; Jos\u00e9e M\u00e9thot, QMA president and CEO<\/cite><\/blockquote>\n\n\n\n<div style=\"height:100px\" aria-hidden=\"true\" class=\"wp-block-spacer\"><\/div>\n\n\n\n<p><strong>About the Qu\u00e9bec Mining Association<\/strong><\/p>\n\n\n\n<p>The Qu\u00e9bec Mining Association (QMA) was founded in 1936 and speaks proactively for mining companies involved in exploration, extraction and processing, mining contractors and junior mining companies, along with suppliers, institutions, non-profit organizations and other mining sector partners. It is proud of the 40,540 jobs and total expenditure of almost $8.5 billion generated by Qu\u00e9bec&#8217;s mining industry over the last year. The QMA\u2019s mission is to promote, support and proactively develop a responsible, committed and innovative mining industry in Qu\u00e9bec.<\/p>\n","protected":false},"excerpt":{"rendered":"<p>Qu\u00e9bec City, January 10, 2020&nbsp;\u2013 The Qu\u00e9bec Mining Association (QMA) is pleased to note the induction of Eberhard (Ebe) Scherkus [&hellip;]<\/p>\n","protected":false},"author":1,"featured_media":0,"comment_status":"closed","ping_status":"closed","sticky":false,"template":"","format":"standard","meta":{"_acf_changed":false,"footnotes":""},"categories":[112],"tags":[],"class_list":["post-3255","post","type-post","status-publish","format-standard","hentry","category-communiques-de-presse-en"],"acf":[],"yoast_head":"<!-- This site is optimized with the Yoast SEO plugin v27.5 - https:\/\/yoast.com\/product\/yoast-seo-wordpress\/ -->\n<title>Canadian Mining Hall of Fame : the Qu\u00e9bec Mining Association welcomes the induction of Ebe Scherkus - Association Mini\u00e8re du Qu\u00e9bec<\/title>\n<meta name=\"robots\" content=\"index, follow, max-snippet:-1, max-image-preview:large, max-video-preview:-1\" \/>\n<link rel=\"canonical\" href=\"https:\/\/amq-inc.com\/en\/temple-de-la-renommee-du-secteur-minier-canadien-lassociation-miniere-du-quebec-souligne-lintronisation-debe-scherkus\/\" \/>\n<meta property=\"og:locale\" content=\"en_US\" \/>\n<meta property=\"og:type\" content=\"article\" \/>\n<meta property=\"og:title\" content=\"Canadian Mining Hall of Fame : the Qu\u00e9bec Mining Association welcomes the induction of Ebe Scherkus - Association Mini\u00e8re du Qu\u00e9bec\" \/>\n<meta property=\"og:description\" content=\"Qu\u00e9bec City, January 10, 2020&nbsp;\u2013 The Qu\u00e9bec Mining Association (QMA) is pleased to note the induction of Eberhard (Ebe) Scherkus [&hellip;]\" \/>\n<meta property=\"og:url\" content=\"https:\/\/amq-inc.com\/en\/temple-de-la-renommee-du-secteur-minier-canadien-lassociation-miniere-du-quebec-souligne-lintronisation-debe-scherkus\/\" \/>\n<meta property=\"og:site_name\" content=\"Association Mini\u00e8re du Qu\u00e9bec\" \/>\n<meta property=\"article:published_time\" content=\"2020-01-10T21:01:00+00:00\" \/>\n<meta property=\"article:modified_time\" content=\"2023-04-17T17:58:58+00:00\" \/>\n<meta property=\"og:image\" content=\"https:\/\/amq-inc.com\/wp-content\/uploads\/2022\/09\/amq-og.jpg\" \/>\n\t<meta property=\"og:image:width\" content=\"2400\" \/>\n\t<meta property=\"og:image:height\" content=\"1260\" \/>\n\t<meta property=\"og:image:type\" content=\"image\/jpeg\" \/>\n<meta name=\"author\" content=\"admin\" \/>\n<meta name=\"twitter:card\" content=\"summary_large_image\" \/>\n<meta name=\"twitter:label1\" content=\"Written by\" \/>\n\t<meta name=\"twitter:data1\" content=\"admin\" \/>\n\t<meta name=\"twitter:label2\" content=\"Est. reading time\" \/>\n\t<meta name=\"twitter:data2\" content=\"3 minutes\" \/>\n<!-- \/ Yoast SEO plugin. -->","yoast_head_json":{"title":"Canadian Mining Hall of Fame : the Qu\u00e9bec Mining Association welcomes the induction of Ebe Scherkus - Association Mini\u00e8re du Qu\u00e9bec","robots":{"index":"index","follow":"follow","max-snippet":"max-snippet:-1","max-image-preview":"max-image-preview:large","max-video-preview":"max-video-preview:-1"},"canonical":"https:\/\/amq-inc.com\/en\/temple-de-la-renommee-du-secteur-minier-canadien-lassociation-miniere-du-quebec-souligne-lintronisation-debe-scherkus\/","og_locale":"en_US","og_type":"article","og_title":"Canadian Mining Hall of Fame : the Qu\u00e9bec Mining Association welcomes the induction of Ebe Scherkus - Association Mini\u00e8re du Qu\u00e9bec","og_description":"Qu\u00e9bec City, January 10, 2020&nbsp;\u2013 The Qu\u00e9bec Mining Association (QMA) is pleased to note the induction of Eberhard (Ebe) Scherkus [&hellip;]","og_url":"https:\/\/amq-inc.com\/en\/temple-de-la-renommee-du-secteur-minier-canadien-lassociation-miniere-du-quebec-souligne-lintronisation-debe-scherkus\/","og_site_name":"Association Mini\u00e8re du Qu\u00e9bec","article_published_time":"2020-01-10T21:01:00+00:00","article_modified_time":"2023-04-17T17:58:58+00:00","og_image":[{"width":2400,"height":1260,"url":"https:\/\/amq-inc.com\/wp-content\/uploads\/2022\/09\/amq-og.jpg","type":"image\/jpeg"}],"author":"admin","twitter_card":"summary_large_image","twitter_misc":{"Written by":"admin","Est. reading time":"3 minutes"},"schema":{"@context":"https:\/\/schema.org","@graph":[{"@type":"Article","@id":"https:\/\/amq-inc.com\/en\/temple-de-la-renommee-du-secteur-minier-canadien-lassociation-miniere-du-quebec-souligne-lintronisation-debe-scherkus\/#article","isPartOf":{"@id":"https:\/\/amq-inc.com\/en\/temple-de-la-renommee-du-secteur-minier-canadien-lassociation-miniere-du-quebec-souligne-lintronisation-debe-scherkus\/"},"author":{"name":"admin","@id":"https:\/\/amq-inc.com\/en\/#\/schema\/person\/9a9d88fe7031eddfc63c3f42e577dcfc"},"headline":"Canadian Mining Hall of Fame : the Qu\u00e9bec Mining Association welcomes the induction of Ebe Scherkus","datePublished":"2020-01-10T21:01:00+00:00","dateModified":"2023-04-17T17:58:58+00:00","mainEntityOfPage":{"@id":"https:\/\/amq-inc.com\/en\/temple-de-la-renommee-du-secteur-minier-canadien-lassociation-miniere-du-quebec-souligne-lintronisation-debe-scherkus\/"},"wordCount":525,"publisher":{"@id":"https:\/\/amq-inc.com\/en\/#organization"},"articleSection":["Press releases"],"inLanguage":"en-US"},{"@type":"WebPage","@id":"https:\/\/amq-inc.com\/en\/temple-de-la-renommee-du-secteur-minier-canadien-lassociation-miniere-du-quebec-souligne-lintronisation-debe-scherkus\/","url":"https:\/\/amq-inc.com\/en\/temple-de-la-renommee-du-secteur-minier-canadien-lassociation-miniere-du-quebec-souligne-lintronisation-debe-scherkus\/","name":"Canadian Mining Hall of Fame : the Qu\u00e9bec Mining Association welcomes the induction of Ebe Scherkus - Association Mini\u00e8re du Qu\u00e9bec","isPartOf":{"@id":"https:\/\/amq-inc.com\/en\/#website"},"datePublished":"2020-01-10T21:01:00+00:00","dateModified":"2023-04-17T17:58:58+00:00","breadcrumb":{"@id":"https:\/\/amq-inc.com\/en\/temple-de-la-renommee-du-secteur-minier-canadien-lassociation-miniere-du-quebec-souligne-lintronisation-debe-scherkus\/#breadcrumb"},"inLanguage":"en-US","potentialAction":[{"@type":"ReadAction","target":["https:\/\/amq-inc.com\/en\/temple-de-la-renommee-du-secteur-minier-canadien-lassociation-miniere-du-quebec-souligne-lintronisation-debe-scherkus\/"]}]},{"@type":"BreadcrumbList","@id":"https:\/\/amq-inc.com\/en\/temple-de-la-renommee-du-secteur-minier-canadien-lassociation-miniere-du-quebec-souligne-lintronisation-debe-scherkus\/#breadcrumb","itemListElement":[{"@type":"ListItem","position":1,"name":"Accueil","item":"https:\/\/amq-inc.com\/en\/"},{"@type":"ListItem","position":2,"name":"Canadian Mining Hall of Fame : the Qu\u00e9bec Mining Association welcomes the induction of Ebe Scherkus"}]},{"@type":"WebSite","@id":"https:\/\/amq-inc.com\/en\/#website","url":"https:\/\/amq-inc.com\/en\/","name":"Association Mini\u00e8re du Qu\u00e9bec","description":"","publisher":{"@id":"https:\/\/amq-inc.com\/en\/#organization"},"potentialAction":[{"@type":"SearchAction","target":{"@type":"EntryPoint","urlTemplate":"https:\/\/amq-inc.com\/en\/?s={search_term_string}"},"query-input":{"@type":"PropertyValueSpecification","valueRequired":true,"valueName":"search_term_string"}}],"inLanguage":"en-US"},{"@type":"Organization","@id":"https:\/\/amq-inc.com\/en\/#organization","name":"Association Mini\u00e8re du Qu\u00e9bec","url":"https:\/\/amq-inc.com\/en\/","logo":{"@type":"ImageObject","inLanguage":"en-US","@id":"https:\/\/amq-inc.com\/en\/#\/schema\/logo\/image\/","url":"https:\/\/amq-inc.com\/wp-content\/uploads\/2022\/05\/amq-logo.png","contentUrl":"https:\/\/amq-inc.com\/wp-content\/uploads\/2022\/05\/amq-logo.png","width":1200,"height":529,"caption":"Association Mini\u00e8re du Qu\u00e9bec"},"image":{"@id":"https:\/\/amq-inc.com\/en\/#\/schema\/logo\/image\/"}},{"@type":"Person","@id":"https:\/\/amq-inc.com\/en\/#\/schema\/person\/9a9d88fe7031eddfc63c3f42e577dcfc","name":"admin","image":{"@type":"ImageObject","inLanguage":"en-US","@id":"https:\/\/secure.gravatar.com\/avatar\/d6da88644598e9e30b2b40c672e8d90d461be65b568e8cf4b89ec7c597020e56?s=96&d=mm&r=g","url":"https:\/\/secure.gravatar.com\/avatar\/d6da88644598e9e30b2b40c672e8d90d461be65b568e8cf4b89ec7c597020e56?s=96&d=mm&r=g","contentUrl":"https:\/\/secure.gravatar.com\/avatar\/d6da88644598e9e30b2b40c672e8d90d461be65b568e8cf4b89ec7c597020e56?s=96&d=mm&r=g","caption":"admin"},"sameAs":["https:\/\/amq-inc.com"],"url":"https:\/\/amq-inc.com\/en\/author\/web_d1bfhpzl\/"}]}},"_links":{"self":[{"href":"https:\/\/amq-inc.com\/en\/wp-json\/wp\/v2\/posts\/3255","targetHints":{"allow":["GET"]}}],"collection":[{"href":"https:\/\/amq-inc.com\/en\/wp-json\/wp\/v2\/posts"}],"about":[{"href":"https:\/\/amq-inc.com\/en\/wp-json\/wp\/v2\/types\/post"}],"author":[{"embeddable":true,"href":"https:\/\/amq-inc.com\/en\/wp-json\/wp\/v2\/users\/1"}],"replies":[{"embeddable":true,"href":"https:\/\/amq-inc.com\/en\/wp-json\/wp\/v2\/comments?post=3255"}],"version-history":[{"count":1,"href":"https:\/\/amq-inc.com\/en\/wp-json\/wp\/v2\/posts\/3255\/revisions"}],"predecessor-version":[{"id":3256,"href":"https:\/\/amq-inc.com\/en\/wp-json\/wp\/v2\/posts\/3255\/revisions\/3256"}],"wp:attachment":[{"href":"https:\/\/amq-inc.com\/en\/wp-json\/wp\/v2\/media?parent=3255"}],"wp:term":[{"taxonomy":"category","embeddable":true,"href":"https:\/\/amq-inc.com\/en\/wp-json\/wp\/v2\/categories?post=3255"},{"taxonomy":"post_tag","embeddable":true,"href":"https:\/\/amq-inc.com\/en\/wp-json\/wp\/v2\/tags?post=3255"}],"curies":[{"name":"wp","href":"https:\/\/api.w.org\/{rel}","templated":true}]}}