{"id":3307,"date":"2019-06-14T20:17:00","date_gmt":"2019-06-14T20:17:00","guid":{"rendered":"https:\/\/amq-inc.com\/conseil-dadministration-de-lassociation-miniere-du-quebec-quand-le-renouveau-rencontre-lexperience\/"},"modified":"2023-04-17T20:18:22","modified_gmt":"2023-04-17T20:18:22","slug":"conseil-dadministration-de-lassociation-miniere-du-quebec-quand-le-renouveau-rencontre-lexperience","status":"publish","type":"post","link":"https:\/\/amq-inc.com\/en\/conseil-dadministration-de-lassociation-miniere-du-quebec-quand-le-renouveau-rencontre-lexperience\/","title":{"rendered":"Conseil d\u2019administration de l\u2019Association Mini\u00e8re du Qu\u00e9bec : quand le renouveau rencontre l\u2019exp\u00e9rience"},"content":{"rendered":"\n<p>Qu\u00e9bec, le 14 juin 2019 \u2013 L\u2019Association mini\u00e8re du Qu\u00e9bec (AMQ) est fi\u00e8re de pr\u00e9senter la composition de son nouveau conseil d\u2019administration \u00e0 la suite de sa r\u00e9cente assembl\u00e9e g\u00e9n\u00e9rale annuelle. Ce conseil allie l\u2019exp\u00e9rience au renouveau afin de pr\u00e9parer l\u2019avenir de l\u2019AMQ. Il sera dirig\u00e9 pour un troisi\u00e8me mandat par Jean-Fran\u00e7ois Verret, directeur, Projets, G\u00e9ologie et Exploration de Mine Raglan, une compagnie Glencore.<\/p>\n\n\n\n<p>Forte de la grande implication de ses membres, l\u2019Association a su attirer des gens d\u2019exp\u00e9rience sur son conseil, en plus de maintenir en poste des gens cr\u00e9dibles aux expertises vari\u00e9es.<\/p>\n\n\n\n<p>Six nouveaux membres font leur entr\u00e9e au conseil d\u2019administration, eux qui pourront faire profiter l\u2019Association de leurs comp\u00e9tences dans des domaines vari\u00e9s en lien avec les enjeux futurs de l\u2019industrie mini\u00e8re. L\u2019Association pourra \u00e9galement compter sur un comit\u00e9 ex\u00e9cutif renouvel\u00e9 compos\u00e9 de trois femmes et deux hommes, sur lequel si\u00e8ge entre autres Jos\u00e9e M\u00e9thot, pr\u00e9sidente-directrice g\u00e9n\u00e9rale de l\u2019AMQ.<\/p>\n\n\n\n<p>Composition du conseil d\u2019administration<\/p>\n\n\n\n<p>*Nouveaux membres<br>**Membre du comit\u00e9 ex\u00e9cutif<\/p>\n\n\n\n<p>Jean-Fran\u00e7ois Verret**<br>Pr\u00e9sident du conseil&nbsp; Mine Raglan, une compagnie Glencore &#8211; Secteur autre que le fer et l\u2019or<br>Vanessa Laplante**<br>Vice-pr\u00e9sidente du conseil<br>Tr\u00e9sori\u00e8re Canadian Malartic G.P. &#8211;&nbsp; Or<br>Alexandre Belleau**<br>Secr\u00e9taire du conseil Minerai de Fer Qu\u00e9bec &#8211; Fer<br>Sophie Bergeron** Newmont Goldcorp &#8211; \u00c9l\u00e9onore &#8211; Or<br>Marc B\u00e9dard* Glencore &#8211; Traitement de minerai ou d\u2019affinage de m\u00e9taux<br>H\u00e9l\u00e8ne Cartier* Ressources Falco &#8211; Explorateurs, projets miniers en d\u00e9veloppement et mines en processus de fermeture d\u00e9finitive<br>Nicolas Dalmau ArcelorMittal Exploitation mini\u00e8re Canada &#8211; Fer<br>Jean-Baptiste Dromer* K+S Sel Windsor &#8211; Secteurs autres que le fer et l\u2019or<br>H\u00e9l\u00e8ne Lauzon Conseil patronal de l\u2019environnement du Qu\u00e9bec &#8211; Membre observatrice<br>Jean-Marc Lulin* Exploration Azimut &#8211; Membre observateur<br>Daniel Par\u00e9* Mines Agnico Eagle &#8211; Or<br>Jean Quenneville Rio Tinto &#8211; Fer<br>Patrick S\u00e9vigny Stornoway Diamond Corporation &#8211; Secteurs autres que le fer et l\u2019or<br>St\u00e9phane Ste-Croix IAMGOLD Corporation &#8211; Or<br>Guy Tremblay* Groupe minier CMAC-THYSSEN &#8211; Entrepreneurs miniers<br>Isabelle Verreault Hill+Knowlton Strat\u00e9gies &#8211; Membre observatrice<\/p>\n\n\n\n<p>L\u2019AMQ tient \u00e9galement \u00e0 remercier Christian Provencher (Mines Agnico Eagle), Olivier Berman (Mines Seleine, K+S Sel Windsor), Luc Guimond (Groupe minier CMAC-THYSSEN), Claude B\u00e9langer (Fonderie Horne, une compagnie Glencore) et Andr\u00e9 Gaumond (Redevances Aurif\u00e8res Osisko), administrateurs sortants, de leur implication au conseil d\u2019administration.<\/p>\n\n\n\n<h3 class=\"wp-block-heading\">Citations<\/h3>\n\n\n\n<p>\u00ab Ce nouveau conseil repr\u00e9sente bien ce qu\u2019est l\u2019industrie mini\u00e8re qu\u00e9b\u00e9coise : un merveilleux m\u00e9lange d\u2019exp\u00e9rience et de rel\u00e8ve avec une pr\u00e9sence f\u00e9minine accrue. Nous sommes fiers d\u2019avoir su r\u00e9unir des gens de talent qui collaboreront \u00e0 \u00e9laborer le prochain plan strat\u00e9gique de l\u2019AMQ afin d\u2019assurer la p\u00e9rennit\u00e9 des activit\u00e9s mini\u00e8res au Qu\u00e9bec. Je tiens \u00e0 remercier les membres sortants pour le travail colossal accompli au cours des derni\u00e8res ann\u00e9es. Ils peuvent \u00eatre fiers de leur bilan. \u00bb<\/p>\n\n\n\n<p>&#8211; Jean-Fran\u00e7ois Verret, pr\u00e9sident du conseil d\u2019administration de l\u2019AMQ<\/p>\n\n\n\n<p>\u00ab C\u2019est avec grand enthousiasme que j\u2019aborde ce nouveau chapitre de l\u2019Association avec des gens exp\u00e9riment\u00e9s pr\u00eats \u00e0 relever les d\u00e9fis qui se pr\u00e9senteront. Nous avons accompli de grandes choses dans le pass\u00e9 et je suis convaincue que nous saurons b\u00e2tir sur ces solides fondations. Nous continuerons de soutenir les soci\u00e9t\u00e9s mini\u00e8res actives au Qu\u00e9bec afin que se maintienne un d\u00e9veloppement minier fort. \u00bb<\/p>\n\n\n\n<p>&#8211; Jos\u00e9e M\u00e9thot, pr\u00e9sidente-directrice g\u00e9n\u00e9rale de l\u2019AMQ<\/p>\n\n\n\n<h3 class=\"wp-block-heading\">\u00c0 propos de l\u2019Association mini\u00e8re du Qu\u00e9bec<\/h3>\n\n\n\n<p>Fond\u00e9e en 1936, l\u2019Association mini\u00e8re du Qu\u00e9bec (AMQ) agit \u00e0 titre de porte-parole proactif des entreprises mini\u00e8res en production, en exploration et en transformation, des entrepreneurs miniers, des entreprises mini\u00e8res en d\u00e9veloppement, de m\u00eame que des fournisseurs, d\u2019institutions, d\u2019organismes sans but lucratif et de divers partenaires du secteur minier. Fi\u00e8re des 40 540 emplois et des d\u00e9penses totales de 8,5 milliards de dollars que l\u2019industrie mini\u00e8re a g\u00e9n\u00e9r\u00e9s au Qu\u00e9bec au cours de la derni\u00e8re ann\u00e9e, l\u2019AMQ a pour mission de promouvoir, soutenir et d\u00e9velopper une industrie min\u00e9rale qu\u00e9b\u00e9coise engag\u00e9e, responsable et innovante.<\/p>\n","protected":false},"excerpt":{"rendered":"<p>Qu\u00e9bec, le 14 juin 2019 \u2013 L\u2019Association mini\u00e8re du Qu\u00e9bec (AMQ) est fi\u00e8re de pr\u00e9senter la composition de son nouveau [&hellip;]<\/p>\n","protected":false},"author":1,"featured_media":0,"comment_status":"closed","ping_status":"closed","sticky":false,"template":"","format":"standard","meta":{"_acf_changed":false,"footnotes":""},"categories":[112],"tags":[],"class_list":["post-3307","post","type-post","status-publish","format-standard","hentry","category-communiques-de-presse-en"],"acf":[],"yoast_head":"<!-- This site is optimized with the Yoast SEO plugin v27.5 - https:\/\/yoast.com\/product\/yoast-seo-wordpress\/ -->\n<title>Conseil d\u2019administration de l\u2019Association Mini\u00e8re du Qu\u00e9bec : quand le renouveau rencontre l\u2019exp\u00e9rience - Association Mini\u00e8re du Qu\u00e9bec<\/title>\n<meta name=\"robots\" content=\"index, follow, max-snippet:-1, max-image-preview:large, max-video-preview:-1\" \/>\n<link rel=\"canonical\" href=\"https:\/\/amq-inc.com\/en\/conseil-dadministration-de-lassociation-miniere-du-quebec-quand-le-renouveau-rencontre-lexperience\/\" \/>\n<meta property=\"og:locale\" content=\"en_US\" \/>\n<meta property=\"og:type\" content=\"article\" \/>\n<meta property=\"og:title\" content=\"Conseil d\u2019administration de l\u2019Association Mini\u00e8re du Qu\u00e9bec : quand le renouveau rencontre l\u2019exp\u00e9rience - Association Mini\u00e8re du Qu\u00e9bec\" \/>\n<meta property=\"og:description\" content=\"Qu\u00e9bec, le 14 juin 2019 \u2013 L\u2019Association mini\u00e8re du Qu\u00e9bec (AMQ) est fi\u00e8re de pr\u00e9senter la composition de son nouveau [&hellip;]\" \/>\n<meta property=\"og:url\" content=\"https:\/\/amq-inc.com\/en\/conseil-dadministration-de-lassociation-miniere-du-quebec-quand-le-renouveau-rencontre-lexperience\/\" \/>\n<meta property=\"og:site_name\" content=\"Association Mini\u00e8re du Qu\u00e9bec\" \/>\n<meta property=\"article:published_time\" content=\"2019-06-14T20:17:00+00:00\" \/>\n<meta property=\"article:modified_time\" content=\"2023-04-17T20:18:22+00:00\" \/>\n<meta property=\"og:image\" content=\"https:\/\/amq-inc.com\/wp-content\/uploads\/2022\/09\/amq-og.jpg\" \/>\n\t<meta property=\"og:image:width\" content=\"2400\" \/>\n\t<meta property=\"og:image:height\" content=\"1260\" \/>\n\t<meta property=\"og:image:type\" content=\"image\/jpeg\" \/>\n<meta name=\"author\" content=\"admin\" \/>\n<meta name=\"twitter:card\" content=\"summary_large_image\" \/>\n<meta name=\"twitter:label1\" content=\"Written by\" \/>\n\t<meta name=\"twitter:data1\" content=\"admin\" \/>\n<!-- \/ Yoast SEO plugin. -->","yoast_head_json":{"title":"Conseil d\u2019administration de l\u2019Association Mini\u00e8re du Qu\u00e9bec : quand le renouveau rencontre l\u2019exp\u00e9rience - Association Mini\u00e8re du Qu\u00e9bec","robots":{"index":"index","follow":"follow","max-snippet":"max-snippet:-1","max-image-preview":"max-image-preview:large","max-video-preview":"max-video-preview:-1"},"canonical":"https:\/\/amq-inc.com\/en\/conseil-dadministration-de-lassociation-miniere-du-quebec-quand-le-renouveau-rencontre-lexperience\/","og_locale":"en_US","og_type":"article","og_title":"Conseil d\u2019administration de l\u2019Association Mini\u00e8re du Qu\u00e9bec : quand le renouveau rencontre l\u2019exp\u00e9rience - Association Mini\u00e8re du Qu\u00e9bec","og_description":"Qu\u00e9bec, le 14 juin 2019 \u2013 L\u2019Association mini\u00e8re du Qu\u00e9bec (AMQ) est fi\u00e8re de pr\u00e9senter la composition de son nouveau [&hellip;]","og_url":"https:\/\/amq-inc.com\/en\/conseil-dadministration-de-lassociation-miniere-du-quebec-quand-le-renouveau-rencontre-lexperience\/","og_site_name":"Association Mini\u00e8re du Qu\u00e9bec","article_published_time":"2019-06-14T20:17:00+00:00","article_modified_time":"2023-04-17T20:18:22+00:00","og_image":[{"width":2400,"height":1260,"url":"https:\/\/amq-inc.com\/wp-content\/uploads\/2022\/09\/amq-og.jpg","type":"image\/jpeg"}],"author":"admin","twitter_card":"summary_large_image","twitter_misc":{"Written by":"admin"},"schema":{"@context":"https:\/\/schema.org","@graph":[{"@type":"Article","@id":"https:\/\/amq-inc.com\/en\/conseil-dadministration-de-lassociation-miniere-du-quebec-quand-le-renouveau-rencontre-lexperience\/#article","isPartOf":{"@id":"https:\/\/amq-inc.com\/en\/conseil-dadministration-de-lassociation-miniere-du-quebec-quand-le-renouveau-rencontre-lexperience\/"},"author":{"name":"admin","@id":"https:\/\/amq-inc.com\/en\/#\/schema\/person\/9a9d88fe7031eddfc63c3f42e577dcfc"},"headline":"Conseil d\u2019administration de l\u2019Association Mini\u00e8re du Qu\u00e9bec : quand le renouveau rencontre l\u2019exp\u00e9rience","datePublished":"2019-06-14T20:17:00+00:00","dateModified":"2023-04-17T20:18:22+00:00","mainEntityOfPage":{"@id":"https:\/\/amq-inc.com\/en\/conseil-dadministration-de-lassociation-miniere-du-quebec-quand-le-renouveau-rencontre-lexperience\/"},"wordCount":763,"publisher":{"@id":"https:\/\/amq-inc.com\/en\/#organization"},"articleSection":["Press releases"],"inLanguage":"en-US"},{"@type":"WebPage","@id":"https:\/\/amq-inc.com\/en\/conseil-dadministration-de-lassociation-miniere-du-quebec-quand-le-renouveau-rencontre-lexperience\/","url":"https:\/\/amq-inc.com\/en\/conseil-dadministration-de-lassociation-miniere-du-quebec-quand-le-renouveau-rencontre-lexperience\/","name":"Conseil d\u2019administration de l\u2019Association Mini\u00e8re du Qu\u00e9bec : quand le renouveau rencontre l\u2019exp\u00e9rience - Association Mini\u00e8re du Qu\u00e9bec","isPartOf":{"@id":"https:\/\/amq-inc.com\/en\/#website"},"datePublished":"2019-06-14T20:17:00+00:00","dateModified":"2023-04-17T20:18:22+00:00","breadcrumb":{"@id":"https:\/\/amq-inc.com\/en\/conseil-dadministration-de-lassociation-miniere-du-quebec-quand-le-renouveau-rencontre-lexperience\/#breadcrumb"},"inLanguage":"en-US","potentialAction":[{"@type":"ReadAction","target":["https:\/\/amq-inc.com\/en\/conseil-dadministration-de-lassociation-miniere-du-quebec-quand-le-renouveau-rencontre-lexperience\/"]}]},{"@type":"BreadcrumbList","@id":"https:\/\/amq-inc.com\/en\/conseil-dadministration-de-lassociation-miniere-du-quebec-quand-le-renouveau-rencontre-lexperience\/#breadcrumb","itemListElement":[{"@type":"ListItem","position":1,"name":"Accueil","item":"https:\/\/amq-inc.com\/en\/"},{"@type":"ListItem","position":2,"name":"Conseil d\u2019administration de l\u2019Association Mini\u00e8re du Qu\u00e9bec : quand le renouveau rencontre l\u2019exp\u00e9rience"}]},{"@type":"WebSite","@id":"https:\/\/amq-inc.com\/en\/#website","url":"https:\/\/amq-inc.com\/en\/","name":"Association Mini\u00e8re du Qu\u00e9bec","description":"","publisher":{"@id":"https:\/\/amq-inc.com\/en\/#organization"},"potentialAction":[{"@type":"SearchAction","target":{"@type":"EntryPoint","urlTemplate":"https:\/\/amq-inc.com\/en\/?s={search_term_string}"},"query-input":{"@type":"PropertyValueSpecification","valueRequired":true,"valueName":"search_term_string"}}],"inLanguage":"en-US"},{"@type":"Organization","@id":"https:\/\/amq-inc.com\/en\/#organization","name":"Association Mini\u00e8re du Qu\u00e9bec","url":"https:\/\/amq-inc.com\/en\/","logo":{"@type":"ImageObject","inLanguage":"en-US","@id":"https:\/\/amq-inc.com\/en\/#\/schema\/logo\/image\/","url":"https:\/\/amq-inc.com\/wp-content\/uploads\/2022\/05\/amq-logo.png","contentUrl":"https:\/\/amq-inc.com\/wp-content\/uploads\/2022\/05\/amq-logo.png","width":1200,"height":529,"caption":"Association Mini\u00e8re du Qu\u00e9bec"},"image":{"@id":"https:\/\/amq-inc.com\/en\/#\/schema\/logo\/image\/"}},{"@type":"Person","@id":"https:\/\/amq-inc.com\/en\/#\/schema\/person\/9a9d88fe7031eddfc63c3f42e577dcfc","name":"admin","image":{"@type":"ImageObject","inLanguage":"en-US","@id":"https:\/\/secure.gravatar.com\/avatar\/d6da88644598e9e30b2b40c672e8d90d461be65b568e8cf4b89ec7c597020e56?s=96&d=mm&r=g","url":"https:\/\/secure.gravatar.com\/avatar\/d6da88644598e9e30b2b40c672e8d90d461be65b568e8cf4b89ec7c597020e56?s=96&d=mm&r=g","contentUrl":"https:\/\/secure.gravatar.com\/avatar\/d6da88644598e9e30b2b40c672e8d90d461be65b568e8cf4b89ec7c597020e56?s=96&d=mm&r=g","caption":"admin"},"sameAs":["https:\/\/amq-inc.com"],"url":"https:\/\/amq-inc.com\/en\/author\/web_d1bfhpzl\/"}]}},"_links":{"self":[{"href":"https:\/\/amq-inc.com\/en\/wp-json\/wp\/v2\/posts\/3307","targetHints":{"allow":["GET"]}}],"collection":[{"href":"https:\/\/amq-inc.com\/en\/wp-json\/wp\/v2\/posts"}],"about":[{"href":"https:\/\/amq-inc.com\/en\/wp-json\/wp\/v2\/types\/post"}],"author":[{"embeddable":true,"href":"https:\/\/amq-inc.com\/en\/wp-json\/wp\/v2\/users\/1"}],"replies":[{"embeddable":true,"href":"https:\/\/amq-inc.com\/en\/wp-json\/wp\/v2\/comments?post=3307"}],"version-history":[{"count":1,"href":"https:\/\/amq-inc.com\/en\/wp-json\/wp\/v2\/posts\/3307\/revisions"}],"predecessor-version":[{"id":3308,"href":"https:\/\/amq-inc.com\/en\/wp-json\/wp\/v2\/posts\/3307\/revisions\/3308"}],"wp:attachment":[{"href":"https:\/\/amq-inc.com\/en\/wp-json\/wp\/v2\/media?parent=3307"}],"wp:term":[{"taxonomy":"category","embeddable":true,"href":"https:\/\/amq-inc.com\/en\/wp-json\/wp\/v2\/categories?post=3307"},{"taxonomy":"post_tag","embeddable":true,"href":"https:\/\/amq-inc.com\/en\/wp-json\/wp\/v2\/tags?post=3307"}],"curies":[{"name":"wp","href":"https:\/\/api.w.org\/{rel}","templated":true}]}}