{"id":3316,"date":"2019-05-06T20:26:00","date_gmt":"2019-05-06T20:26:00","guid":{"rendered":"https:\/\/amq-inc.com\/lancement-de-la-semaine-miniere-du-quebec-2019\/"},"modified":"2023-04-17T20:29:29","modified_gmt":"2023-04-17T20:29:29","slug":"lancement-de-la-semaine-miniere-du-quebec-2019","status":"publish","type":"post","link":"https:\/\/amq-inc.com\/en\/lancement-de-la-semaine-miniere-du-quebec-2019\/","title":{"rendered":"Lancement de la semaine mini\u00e8re du Qu\u00e9bec 2019"},"content":{"rendered":"\n<p><strong>Qu\u00e9bec, le 6 mai 2019<\/strong>&nbsp;\u2013 La 28e \u00e9dition de la Semaine mini\u00e8re du Qu\u00e9bec, sous le th\u00e8me \u00ab L\u2019industrie mini\u00e8re, la force int\u00e9rieure \u00bb, s\u2019amorce au mois de mai \u00e0 travers la province. Pr\u00e9sent\u00e9e par l\u2019Association mini\u00e8re du Qu\u00e9bec (AMQ), en collaboration avec l\u2019Institut canadien des mines, de la m\u00e9tallurgie et du p\u00e9trole (ICM), elle se traduit par plusieurs activit\u00e9s r\u00e9parties du 6 au 12 mai et visant un m\u00eame but : faire conna\u00eetre davantage l\u2019industrie mini\u00e8re qu\u00e9b\u00e9coise au public.<br>Les activit\u00e9s organis\u00e9es dans le cadre de la semaine mini\u00e8re permettent non seulement de d\u00e9couvrir le monde qui entoure les mines et leurs convictions, mais aussi de constater les derniers progr\u00e8s, de visiter les sites d\u2019exploitation et d\u2019en apprendre plus sur les m\u00e9tiers qui y sont reli\u00e9s.&nbsp;<\/p>\n\n\n\n<p>Le public est donc invit\u00e9 \u00e0 participer \u00e0 cette semaine d\u2019activit\u00e9s afin de prendre conscience du r\u00f4le primordial qu\u2019occupe l\u2019industrie mini\u00e8re au sein de l\u2019\u00e9conomie qu\u00e9b\u00e9coise autant que dans notre vie au quotidien. La programmation officielle est accessible en ligne sur le site&nbsp;<a href=\"http:\/\/www.minesqc.com\/\" target=\"_blank\" rel=\"noreferrer noopener\">minesqc.com<\/a>.<\/p>\n\n\n\n<h3 class=\"wp-block-heading\">Citations<\/h3>\n\n\n\n<p>\u00ab Par le biais de ces activit\u00e9s, nous souhaitons d\u00e9voiler au grand jour la vraie nature du secteur minier, qui se veut novatrice. On est loin de l\u2019image archa\u00efque des mineurs avec leurs pioches \u00e0 la main! \u00bb<\/p>\n\n\n\n<p>\u00ab L\u2019industrie, qui a grandement \u00e9volu\u00e9 au cours des derni\u00e8res ann\u00e9es, se d\u00e9marque par son avant-gardisme, son dynamisme et son engagement tant sur les plans social qu\u2019environnemental. Nous devons \u00eatre fiers des pratiques des soci\u00e9t\u00e9s mini\u00e8res au Qu\u00e9bec, notamment pour limiter leur empreinte environnementale, et cette semaine sert justement \u00e0 mettre en lumi\u00e8re l\u2019importance de notre industrie et ses fa\u00e7ons de faire. \u00bb<\/p>\n\n\n\n<p>&#8211; Jos\u00e9e M\u00e9thot, pr\u00e9sidente-directrice g\u00e9n\u00e9rale de l\u2019AMQ<\/p>\n\n\n\n<h3 class=\"wp-block-heading\">\u00c0 propos de l\u2019Association mini\u00e8re du Qu\u00e9bec<\/h3>\n\n\n\n<p>Fond\u00e9e en 1936, l\u2019Association mini\u00e8re du Qu\u00e9bec (AMQ) agit \u00e0 titre de porte-parole proactif des entreprises mini\u00e8res en production, en exploration et en transformation, des entrepreneurs miniers, des entreprises mini\u00e8res en d\u00e9veloppement, de m\u00eame que des fournisseurs, d\u2019institutions, d\u2019organismes sans but lucratif et de divers partenaires du secteur minier. Fi\u00e8re des 40 540 emplois et des d\u00e9penses totales de 8,5 milliards de dollars que l\u2019industrie mini\u00e8re a g\u00e9n\u00e9r\u00e9s au Qu\u00e9bec au cours de la derni\u00e8re ann\u00e9e, l\u2019AMQ a pour mission de promouvoir, soutenir et d\u00e9velopper une industrie min\u00e9rale qu\u00e9b\u00e9coise engag\u00e9e, responsable et innovante.<\/p>\n","protected":false},"excerpt":{"rendered":"<p>Qu\u00e9bec, le 6 mai 2019&nbsp;\u2013 La 28e \u00e9dition de la Semaine mini\u00e8re du Qu\u00e9bec, sous le th\u00e8me \u00ab L\u2019industrie mini\u00e8re, [&hellip;]<\/p>\n","protected":false},"author":1,"featured_media":0,"comment_status":"closed","ping_status":"closed","sticky":false,"template":"","format":"standard","meta":{"_acf_changed":false,"footnotes":""},"categories":[112],"tags":[],"class_list":["post-3316","post","type-post","status-publish","format-standard","hentry","category-communiques-de-presse-en"],"acf":[],"yoast_head":"<!-- This site is optimized with the Yoast SEO plugin v27.5 - https:\/\/yoast.com\/product\/yoast-seo-wordpress\/ -->\n<title>Lancement de la semaine mini\u00e8re du Qu\u00e9bec 2019 - Association Mini\u00e8re du Qu\u00e9bec<\/title>\n<meta name=\"robots\" content=\"index, follow, max-snippet:-1, max-image-preview:large, max-video-preview:-1\" \/>\n<link rel=\"canonical\" href=\"https:\/\/amq-inc.com\/en\/lancement-de-la-semaine-miniere-du-quebec-2019\/\" \/>\n<meta property=\"og:locale\" content=\"en_US\" \/>\n<meta property=\"og:type\" content=\"article\" \/>\n<meta property=\"og:title\" content=\"Lancement de la semaine mini\u00e8re du Qu\u00e9bec 2019 - Association Mini\u00e8re du Qu\u00e9bec\" \/>\n<meta property=\"og:description\" content=\"Qu\u00e9bec, le 6 mai 2019&nbsp;\u2013 La 28e \u00e9dition de la Semaine mini\u00e8re du Qu\u00e9bec, sous le th\u00e8me \u00ab L\u2019industrie mini\u00e8re, [&hellip;]\" \/>\n<meta property=\"og:url\" content=\"https:\/\/amq-inc.com\/en\/lancement-de-la-semaine-miniere-du-quebec-2019\/\" \/>\n<meta property=\"og:site_name\" content=\"Association Mini\u00e8re du Qu\u00e9bec\" \/>\n<meta property=\"article:published_time\" content=\"2019-05-06T20:26:00+00:00\" \/>\n<meta property=\"article:modified_time\" content=\"2023-04-17T20:29:29+00:00\" \/>\n<meta property=\"og:image\" content=\"https:\/\/amq-inc.com\/wp-content\/uploads\/2022\/09\/amq-og.jpg\" \/>\n\t<meta property=\"og:image:width\" content=\"2400\" \/>\n\t<meta property=\"og:image:height\" content=\"1260\" \/>\n\t<meta property=\"og:image:type\" content=\"image\/jpeg\" \/>\n<meta name=\"author\" content=\"admin\" \/>\n<meta name=\"twitter:card\" content=\"summary_large_image\" \/>\n<meta name=\"twitter:label1\" content=\"Written by\" \/>\n\t<meta name=\"twitter:data1\" content=\"admin\" \/>\n\t<meta name=\"twitter:label2\" content=\"Est. reading time\" \/>\n\t<meta name=\"twitter:data2\" content=\"2 minutes\" \/>\n<!-- \/ Yoast SEO plugin. -->","yoast_head_json":{"title":"Lancement de la semaine mini\u00e8re du Qu\u00e9bec 2019 - Association Mini\u00e8re du Qu\u00e9bec","robots":{"index":"index","follow":"follow","max-snippet":"max-snippet:-1","max-image-preview":"max-image-preview:large","max-video-preview":"max-video-preview:-1"},"canonical":"https:\/\/amq-inc.com\/en\/lancement-de-la-semaine-miniere-du-quebec-2019\/","og_locale":"en_US","og_type":"article","og_title":"Lancement de la semaine mini\u00e8re du Qu\u00e9bec 2019 - Association Mini\u00e8re du Qu\u00e9bec","og_description":"Qu\u00e9bec, le 6 mai 2019&nbsp;\u2013 La 28e \u00e9dition de la Semaine mini\u00e8re du Qu\u00e9bec, sous le th\u00e8me \u00ab L\u2019industrie mini\u00e8re, [&hellip;]","og_url":"https:\/\/amq-inc.com\/en\/lancement-de-la-semaine-miniere-du-quebec-2019\/","og_site_name":"Association Mini\u00e8re du Qu\u00e9bec","article_published_time":"2019-05-06T20:26:00+00:00","article_modified_time":"2023-04-17T20:29:29+00:00","og_image":[{"width":2400,"height":1260,"url":"https:\/\/amq-inc.com\/wp-content\/uploads\/2022\/09\/amq-og.jpg","type":"image\/jpeg"}],"author":"admin","twitter_card":"summary_large_image","twitter_misc":{"Written by":"admin","Est. reading time":"2 minutes"},"schema":{"@context":"https:\/\/schema.org","@graph":[{"@type":"Article","@id":"https:\/\/amq-inc.com\/en\/lancement-de-la-semaine-miniere-du-quebec-2019\/#article","isPartOf":{"@id":"https:\/\/amq-inc.com\/en\/lancement-de-la-semaine-miniere-du-quebec-2019\/"},"author":{"name":"admin","@id":"https:\/\/amq-inc.com\/en\/#\/schema\/person\/9a9d88fe7031eddfc63c3f42e577dcfc"},"headline":"Lancement de la semaine mini\u00e8re du Qu\u00e9bec 2019","datePublished":"2019-05-06T20:26:00+00:00","dateModified":"2023-04-17T20:29:29+00:00","mainEntityOfPage":{"@id":"https:\/\/amq-inc.com\/en\/lancement-de-la-semaine-miniere-du-quebec-2019\/"},"wordCount":464,"publisher":{"@id":"https:\/\/amq-inc.com\/en\/#organization"},"articleSection":["Press releases"],"inLanguage":"en-US"},{"@type":"WebPage","@id":"https:\/\/amq-inc.com\/en\/lancement-de-la-semaine-miniere-du-quebec-2019\/","url":"https:\/\/amq-inc.com\/en\/lancement-de-la-semaine-miniere-du-quebec-2019\/","name":"Lancement de la semaine mini\u00e8re du Qu\u00e9bec 2019 - Association Mini\u00e8re du Qu\u00e9bec","isPartOf":{"@id":"https:\/\/amq-inc.com\/en\/#website"},"datePublished":"2019-05-06T20:26:00+00:00","dateModified":"2023-04-17T20:29:29+00:00","breadcrumb":{"@id":"https:\/\/amq-inc.com\/en\/lancement-de-la-semaine-miniere-du-quebec-2019\/#breadcrumb"},"inLanguage":"en-US","potentialAction":[{"@type":"ReadAction","target":["https:\/\/amq-inc.com\/en\/lancement-de-la-semaine-miniere-du-quebec-2019\/"]}]},{"@type":"BreadcrumbList","@id":"https:\/\/amq-inc.com\/en\/lancement-de-la-semaine-miniere-du-quebec-2019\/#breadcrumb","itemListElement":[{"@type":"ListItem","position":1,"name":"Accueil","item":"https:\/\/amq-inc.com\/en\/"},{"@type":"ListItem","position":2,"name":"Lancement de la semaine mini\u00e8re du Qu\u00e9bec 2019"}]},{"@type":"WebSite","@id":"https:\/\/amq-inc.com\/en\/#website","url":"https:\/\/amq-inc.com\/en\/","name":"Association Mini\u00e8re du Qu\u00e9bec","description":"","publisher":{"@id":"https:\/\/amq-inc.com\/en\/#organization"},"potentialAction":[{"@type":"SearchAction","target":{"@type":"EntryPoint","urlTemplate":"https:\/\/amq-inc.com\/en\/?s={search_term_string}"},"query-input":{"@type":"PropertyValueSpecification","valueRequired":true,"valueName":"search_term_string"}}],"inLanguage":"en-US"},{"@type":"Organization","@id":"https:\/\/amq-inc.com\/en\/#organization","name":"Association Mini\u00e8re du Qu\u00e9bec","url":"https:\/\/amq-inc.com\/en\/","logo":{"@type":"ImageObject","inLanguage":"en-US","@id":"https:\/\/amq-inc.com\/en\/#\/schema\/logo\/image\/","url":"https:\/\/amq-inc.com\/wp-content\/uploads\/2022\/05\/amq-logo.png","contentUrl":"https:\/\/amq-inc.com\/wp-content\/uploads\/2022\/05\/amq-logo.png","width":1200,"height":529,"caption":"Association Mini\u00e8re du Qu\u00e9bec"},"image":{"@id":"https:\/\/amq-inc.com\/en\/#\/schema\/logo\/image\/"}},{"@type":"Person","@id":"https:\/\/amq-inc.com\/en\/#\/schema\/person\/9a9d88fe7031eddfc63c3f42e577dcfc","name":"admin","image":{"@type":"ImageObject","inLanguage":"en-US","@id":"https:\/\/secure.gravatar.com\/avatar\/d6da88644598e9e30b2b40c672e8d90d461be65b568e8cf4b89ec7c597020e56?s=96&d=mm&r=g","url":"https:\/\/secure.gravatar.com\/avatar\/d6da88644598e9e30b2b40c672e8d90d461be65b568e8cf4b89ec7c597020e56?s=96&d=mm&r=g","contentUrl":"https:\/\/secure.gravatar.com\/avatar\/d6da88644598e9e30b2b40c672e8d90d461be65b568e8cf4b89ec7c597020e56?s=96&d=mm&r=g","caption":"admin"},"sameAs":["https:\/\/amq-inc.com"],"url":"https:\/\/amq-inc.com\/en\/author\/web_d1bfhpzl\/"}]}},"_links":{"self":[{"href":"https:\/\/amq-inc.com\/en\/wp-json\/wp\/v2\/posts\/3316","targetHints":{"allow":["GET"]}}],"collection":[{"href":"https:\/\/amq-inc.com\/en\/wp-json\/wp\/v2\/posts"}],"about":[{"href":"https:\/\/amq-inc.com\/en\/wp-json\/wp\/v2\/types\/post"}],"author":[{"embeddable":true,"href":"https:\/\/amq-inc.com\/en\/wp-json\/wp\/v2\/users\/1"}],"replies":[{"embeddable":true,"href":"https:\/\/amq-inc.com\/en\/wp-json\/wp\/v2\/comments?post=3316"}],"version-history":[{"count":1,"href":"https:\/\/amq-inc.com\/en\/wp-json\/wp\/v2\/posts\/3316\/revisions"}],"predecessor-version":[{"id":3317,"href":"https:\/\/amq-inc.com\/en\/wp-json\/wp\/v2\/posts\/3316\/revisions\/3317"}],"wp:attachment":[{"href":"https:\/\/amq-inc.com\/en\/wp-json\/wp\/v2\/media?parent=3316"}],"wp:term":[{"taxonomy":"category","embeddable":true,"href":"https:\/\/amq-inc.com\/en\/wp-json\/wp\/v2\/categories?post=3316"},{"taxonomy":"post_tag","embeddable":true,"href":"https:\/\/amq-inc.com\/en\/wp-json\/wp\/v2\/tags?post=3316"}],"curies":[{"name":"wp","href":"https:\/\/api.w.org\/{rel}","templated":true}]}}