{"id":896,"date":"2017-09-11T00:00:00","date_gmt":"2017-09-11T00:00:00","guid":{"rendered":"https:\/\/amq-inc.com\/the-mine-arnaud-project\/"},"modified":"2017-09-11T00:00:00","modified_gmt":"2017-09-11T00:00:00","slug":"the-mine-arnaud-project","status":"publish","type":"post","link":"https:\/\/amq-inc.com\/en\/the-mine-arnaud-project\/","title":{"rendered":"The Mine Arnaud project"},"content":{"rendered":"<div id=\"mine-arnaud-projet-de-mine-dapatite-image-1\" class=\"fiche-image-ctn\"><img decoding=\"async\" class=\"fiche-image\" src=\"http:\/\/archive.minesqc.com\/workspace\/uploads\/fiches\/images\/carte1200-1467035243.png\" alt=\"Mine Arnaud\" \/><\/div>\n<div id=\"mine-arnaud-projet-de-mine-dapatite-texte-1\" class=\"fiche-paragraphe-ctn\">\n<p>Mine Arnaud est un projet de\u00a0<a href=\"http:\/\/www.minearnaud.com\/fr\/la-ressource\" target=\"_blank\" rel=\"noopener noreferrer\">mine d\u2019apatite<\/a>\u00a0situ\u00e9 \u00e0 une dizaine de kilom\u00e8tres au nord-ouest de Sept-\u00celes, dans le canton Arnaud.<\/p>\n<p>Mine Arnaud Inc. est une filiale \u00e0 part enti\u00e8re de Ressources Qu\u00e9bec, filiale d\u2019Investissement Qu\u00e9bec, et de Yara International ASA, l\u2019un des plus grands producteurs de fertilisants au monde, dont le si\u00e8ge social est \u00e0 Oslo, en Norv\u00e8ge.<\/p>\n<p><strong>Type de mine<\/strong><\/p>\n<p>Le\u00a0<a href=\"http:\/\/www.minearnaud.com\/fr\/le-projet\" target=\"_blank\" rel=\"noopener noreferrer\">projet minier Arnaud<\/a>\u00a0couvre une superficie d\u2019environ 56,5 km2. Il comprendra de nombreuses installations mini\u00e8res et d\u2019installations connexes qui seront utilis\u00e9es durant l\u2019exploitation de la mine. L\u2019empreinte environnementale des installations couvrira 15 km2.<\/p>\n<p>Les principales composantes du projet sont :<\/p>\n<ul>\n<li>Des installations de concassage et une usine de traitement du minerai ayant une capacit\u00e9 de production de 1,3 Mt de concentr\u00e9 par ann\u00e9e;<\/li>\n<li>Un chemin d\u2019acc\u00e8s au site \u00e0 partir de la route 138;<\/li>\n<li>Une fosse \u00e0 ciel ouvert dont les dimensions maximales atteindront environ 800 m de large sur 3,7 km de long et 240 m de profondeur;<\/li>\n<li>Une halde \u00e0 st\u00e9riles et une aire de stockage temporaire de minerai concass\u00e9;<\/li>\n<li>Une aire d\u2019accumulation de minerai de basse teneur, deux aires d\u2019accumulation de mort terrain, ainsi qu\u2019une butte \u00e9cran au sud de la fosse;<\/li>\n<li>Un parc \u00e0 r\u00e9sidus miniers divis\u00e9 en 6 cellules permettant la restauration progressive;<\/li>\n<li>Un syst\u00e8me de traitement des eaux us\u00e9es industrielles;<\/li>\n<li>Des installations de chargement et d\u00e9chargement ferroviaire;<\/li>\n<li>Des silos d\u2019entreposage du concentr\u00e9, un convoyeur et un chargeur \u00e0 navires au port de Sept-\u00celes.<\/li>\n<\/ul>\n<p>L\u2019exploitation de la mine devrait s\u2019\u00e9tendre sur une trentaine d\u2019ann\u00e9es et produire environ 4 000 tonnes de concentr\u00e9 d\u2019apatite par jour.<\/p>\n<p>Le concentr\u00e9 produit sera transport\u00e9 par train de la mine au port de Sept-\u00celes. Il sera ensuite charg\u00e9 dans des bateaux avant d\u2019\u00eatre achemin\u00e9 vers les installations des diff\u00e9rents acheteurs.<\/p>\n<p><strong>L\u2019apatite<\/strong><\/p>\n<p>L\u2019apatite est un minerai constitu\u00e9 de phosphate, qui est l\u2019un des trois composants primaires des engrais min\u00e9raux avec l\u2019azote et le potassium. Le phosphate extrait de l\u2019apatite est \u00e9galement utilis\u00e9 dans la fabrication de d\u00e9tergent, de nourriture pour animaux, de nourriture et de boissons, de poudre pour extincteurs, de produits dentaires et des produits de traitement de surface des m\u00e9taux.<\/p>\n<ul>\n<li>Investisseurs : Investissement Qu\u00e9bec\/Yara International<\/li>\n<li>R\u00e9gion : Sept-\u00celes<\/li>\n<li>Substance : Apatite<\/li>\n<li>Statut : Projet de mine \u00e0 ciel ouvert au stade final de d\u00e9veloppement.<\/li>\n<li>Nombre d\u2019employ\u00e9s :<\/li>\n<\/ul>\n<p>\u2022 1 000 durant la phase de construction (30 mois) \u2022 300 emplois directs \u2022 425 emplois indirects<\/p>\n<\/div>\n<div id=\"mine-arnaud-projet-de-mine-dapatite-image-2\" class=\"fiche-image-ctn\"><img decoding=\"async\" class=\"fiche-image\" src=\"http:\/\/archive.minesqc.com\/workspace\/uploads\/fiches\/images\/projet-1467035304.png\" alt=\"Mine Arnaud\" \/><\/div>\n<div id=\"mine-arnaud-projet-de-mine-dapatite-notes\" class=\"fiche-notes-ctn\">\n<p><span style=\"color: #000000;\"><strong>Notes<\/strong><\/span><\/p>\n<p><em>L\u2019information contenue dans cette fiche provient de sources publiques et v\u00e9rifiables.<\/em><\/p>\n<\/div>\n<div id=\"mine-arnaud-projet-de-mine-dapatite-references\" class=\"fiche-reference-ctn\">\n<div class=\"fiche-reference-item-ctn\">\n<h4><span style=\"color: #000000;\"><strong>R\u00e9f\u00e9rences<\/strong><\/span><\/h4>\n<ul>\n<li><a href=\"http:\/\/www.minearnaud.com\/fr\/\" target=\"_blank\" rel=\"noopener noreferrer\">Mine Arnaud<\/a><\/li>\n<li><a href=\"http:\/\/www.investquebec.com\/international\/fr\/salle-de-presse\/communiques\/Le-gouvernement-du-Quebec-donne-le-feu-vert-au-projet-de-Mine-Arnaud.html\" target=\"_blank\" rel=\"noopener noreferrer\">Investissement Qu\u00e9bec<\/a><\/li>\n<\/ul>\n<\/div>\n<\/div>\n","protected":false},"excerpt":{"rendered":"<p>Mine Arnaud est un projet de\u00a0mine d\u2019apatite\u00a0situ\u00e9 \u00e0 une dizaine de kilom\u00e8tres au nord-ouest de Sept-\u00celes, dans le canton Arnaud. [&hellip;]<\/p>\n","protected":false},"author":1,"featured_media":0,"comment_status":"closed","ping_status":"closed","sticky":false,"template":"","format":"standard","meta":{"_acf_changed":false,"footnotes":""},"categories":[35,46],"tags":[],"class_list":["post-896","post","type-post","status-publish","format-standard","hentry","category-industrie-minerale","category-mining-industry"],"acf":[],"yoast_head":"<!-- This site is optimized with the Yoast SEO plugin v27.5 - https:\/\/yoast.com\/product\/yoast-seo-wordpress\/ -->\n<title>The Mine Arnaud project - Association Mini\u00e8re du Qu\u00e9bec<\/title>\n<meta name=\"robots\" content=\"index, follow, max-snippet:-1, max-image-preview:large, max-video-preview:-1\" \/>\n<link rel=\"canonical\" href=\"https:\/\/amq-inc.com\/en\/the-mine-arnaud-project\/\" \/>\n<meta property=\"og:locale\" content=\"en_US\" \/>\n<meta property=\"og:type\" content=\"article\" \/>\n<meta property=\"og:title\" content=\"The Mine Arnaud project - Association Mini\u00e8re du Qu\u00e9bec\" \/>\n<meta property=\"og:description\" content=\"Mine Arnaud est un projet de\u00a0mine d\u2019apatite\u00a0situ\u00e9 \u00e0 une dizaine de kilom\u00e8tres au nord-ouest de Sept-\u00celes, dans le canton Arnaud. [&hellip;]\" \/>\n<meta property=\"og:url\" content=\"https:\/\/amq-inc.com\/en\/the-mine-arnaud-project\/\" \/>\n<meta property=\"og:site_name\" content=\"Association Mini\u00e8re du Qu\u00e9bec\" \/>\n<meta property=\"article:published_time\" content=\"2017-09-11T00:00:00+00:00\" \/>\n<meta property=\"og:image\" content=\"http:\/\/archive.minesqc.com\/workspace\/uploads\/fiches\/images\/carte1200-1467035243.png\" \/>\n<meta name=\"author\" content=\"admin\" \/>\n<meta name=\"twitter:card\" content=\"summary_large_image\" \/>\n<meta name=\"twitter:label1\" content=\"Written by\" \/>\n\t<meta name=\"twitter:data1\" content=\"admin\" \/>\n\t<meta name=\"twitter:label2\" content=\"Est. reading time\" \/>\n\t<meta name=\"twitter:data2\" content=\"2 minutes\" \/>\n<!-- \/ Yoast SEO plugin. -->","yoast_head_json":{"title":"The Mine Arnaud project - Association Mini\u00e8re du Qu\u00e9bec","robots":{"index":"index","follow":"follow","max-snippet":"max-snippet:-1","max-image-preview":"max-image-preview:large","max-video-preview":"max-video-preview:-1"},"canonical":"https:\/\/amq-inc.com\/en\/the-mine-arnaud-project\/","og_locale":"en_US","og_type":"article","og_title":"The Mine Arnaud project - Association Mini\u00e8re du Qu\u00e9bec","og_description":"Mine Arnaud est un projet de\u00a0mine d\u2019apatite\u00a0situ\u00e9 \u00e0 une dizaine de kilom\u00e8tres au nord-ouest de Sept-\u00celes, dans le canton Arnaud. [&hellip;]","og_url":"https:\/\/amq-inc.com\/en\/the-mine-arnaud-project\/","og_site_name":"Association Mini\u00e8re du Qu\u00e9bec","article_published_time":"2017-09-11T00:00:00+00:00","og_image":[{"url":"http:\/\/archive.minesqc.com\/workspace\/uploads\/fiches\/images\/carte1200-1467035243.png","type":"","width":"","height":""}],"author":"admin","twitter_card":"summary_large_image","twitter_misc":{"Written by":"admin","Est. reading time":"2 minutes"},"schema":{"@context":"https:\/\/schema.org","@graph":[{"@type":"Article","@id":"https:\/\/amq-inc.com\/en\/the-mine-arnaud-project\/#article","isPartOf":{"@id":"https:\/\/amq-inc.com\/en\/the-mine-arnaud-project\/"},"author":{"name":"admin","@id":"https:\/\/amq-inc.com\/en\/#\/schema\/person\/9a9d88fe7031eddfc63c3f42e577dcfc"},"headline":"The Mine Arnaud project","datePublished":"2017-09-11T00:00:00+00:00","mainEntityOfPage":{"@id":"https:\/\/amq-inc.com\/en\/the-mine-arnaud-project\/"},"wordCount":445,"publisher":{"@id":"https:\/\/amq-inc.com\/en\/#organization"},"image":{"@id":"https:\/\/amq-inc.com\/en\/the-mine-arnaud-project\/#primaryimage"},"thumbnailUrl":"http:\/\/archive.minesqc.com\/workspace\/uploads\/fiches\/images\/carte1200-1467035243.png","articleSection":["Industrie min\u00e9rale","Mining industry"],"inLanguage":"en-US"},{"@type":"WebPage","@id":"https:\/\/amq-inc.com\/en\/the-mine-arnaud-project\/","url":"https:\/\/amq-inc.com\/en\/the-mine-arnaud-project\/","name":"The Mine Arnaud project - Association Mini\u00e8re du Qu\u00e9bec","isPartOf":{"@id":"https:\/\/amq-inc.com\/en\/#website"},"primaryImageOfPage":{"@id":"https:\/\/amq-inc.com\/en\/the-mine-arnaud-project\/#primaryimage"},"image":{"@id":"https:\/\/amq-inc.com\/en\/the-mine-arnaud-project\/#primaryimage"},"thumbnailUrl":"http:\/\/archive.minesqc.com\/workspace\/uploads\/fiches\/images\/carte1200-1467035243.png","datePublished":"2017-09-11T00:00:00+00:00","breadcrumb":{"@id":"https:\/\/amq-inc.com\/en\/the-mine-arnaud-project\/#breadcrumb"},"inLanguage":"en-US","potentialAction":[{"@type":"ReadAction","target":["https:\/\/amq-inc.com\/en\/the-mine-arnaud-project\/"]}]},{"@type":"ImageObject","inLanguage":"en-US","@id":"https:\/\/amq-inc.com\/en\/the-mine-arnaud-project\/#primaryimage","url":"http:\/\/archive.minesqc.com\/workspace\/uploads\/fiches\/images\/carte1200-1467035243.png","contentUrl":"http:\/\/archive.minesqc.com\/workspace\/uploads\/fiches\/images\/carte1200-1467035243.png"},{"@type":"BreadcrumbList","@id":"https:\/\/amq-inc.com\/en\/the-mine-arnaud-project\/#breadcrumb","itemListElement":[{"@type":"ListItem","position":1,"name":"Accueil","item":"https:\/\/amq-inc.com\/en\/"},{"@type":"ListItem","position":2,"name":"The Mine Arnaud project"}]},{"@type":"WebSite","@id":"https:\/\/amq-inc.com\/en\/#website","url":"https:\/\/amq-inc.com\/en\/","name":"Association Mini\u00e8re du Qu\u00e9bec","description":"","publisher":{"@id":"https:\/\/amq-inc.com\/en\/#organization"},"potentialAction":[{"@type":"SearchAction","target":{"@type":"EntryPoint","urlTemplate":"https:\/\/amq-inc.com\/en\/?s={search_term_string}"},"query-input":{"@type":"PropertyValueSpecification","valueRequired":true,"valueName":"search_term_string"}}],"inLanguage":"en-US"},{"@type":"Organization","@id":"https:\/\/amq-inc.com\/en\/#organization","name":"Association Mini\u00e8re du Qu\u00e9bec","url":"https:\/\/amq-inc.com\/en\/","logo":{"@type":"ImageObject","inLanguage":"en-US","@id":"https:\/\/amq-inc.com\/en\/#\/schema\/logo\/image\/","url":"https:\/\/amq-inc.com\/wp-content\/uploads\/2022\/05\/amq-logo.png","contentUrl":"https:\/\/amq-inc.com\/wp-content\/uploads\/2022\/05\/amq-logo.png","width":1200,"height":529,"caption":"Association Mini\u00e8re du Qu\u00e9bec"},"image":{"@id":"https:\/\/amq-inc.com\/en\/#\/schema\/logo\/image\/"}},{"@type":"Person","@id":"https:\/\/amq-inc.com\/en\/#\/schema\/person\/9a9d88fe7031eddfc63c3f42e577dcfc","name":"admin","image":{"@type":"ImageObject","inLanguage":"en-US","@id":"https:\/\/secure.gravatar.com\/avatar\/d6da88644598e9e30b2b40c672e8d90d461be65b568e8cf4b89ec7c597020e56?s=96&d=mm&r=g","url":"https:\/\/secure.gravatar.com\/avatar\/d6da88644598e9e30b2b40c672e8d90d461be65b568e8cf4b89ec7c597020e56?s=96&d=mm&r=g","contentUrl":"https:\/\/secure.gravatar.com\/avatar\/d6da88644598e9e30b2b40c672e8d90d461be65b568e8cf4b89ec7c597020e56?s=96&d=mm&r=g","caption":"admin"},"sameAs":["https:\/\/amq-inc.com"],"url":"https:\/\/amq-inc.com\/en\/author\/web_d1bfhpzl\/"}]}},"_links":{"self":[{"href":"https:\/\/amq-inc.com\/en\/wp-json\/wp\/v2\/posts\/896","targetHints":{"allow":["GET"]}}],"collection":[{"href":"https:\/\/amq-inc.com\/en\/wp-json\/wp\/v2\/posts"}],"about":[{"href":"https:\/\/amq-inc.com\/en\/wp-json\/wp\/v2\/types\/post"}],"author":[{"embeddable":true,"href":"https:\/\/amq-inc.com\/en\/wp-json\/wp\/v2\/users\/1"}],"replies":[{"embeddable":true,"href":"https:\/\/amq-inc.com\/en\/wp-json\/wp\/v2\/comments?post=896"}],"version-history":[{"count":0,"href":"https:\/\/amq-inc.com\/en\/wp-json\/wp\/v2\/posts\/896\/revisions"}],"wp:attachment":[{"href":"https:\/\/amq-inc.com\/en\/wp-json\/wp\/v2\/media?parent=896"}],"wp:term":[{"taxonomy":"category","embeddable":true,"href":"https:\/\/amq-inc.com\/en\/wp-json\/wp\/v2\/categories?post=896"},{"taxonomy":"post_tag","embeddable":true,"href":"https:\/\/amq-inc.com\/en\/wp-json\/wp\/v2\/tags?post=896"}],"curies":[{"name":"wp","href":"https:\/\/api.w.org\/{rel}","templated":true}]}}